{"id":195709,"date":"2026-09-05T12:30:08","date_gmt":"2026-09-05T18:30:08","guid":{"rendered":"https:\/\/elotroenfoque.mx\/?p=195709"},"modified":"2026-09-05T12:30:08","modified_gmt":"2026-09-05T18:30:08","slug":"ataque-en-zinapecuaro-deja-un-militar-muerto-y-tres-heridos","status":"publish","type":"post","link":"https:\/\/elotroenfoque.mx\/index.php\/2026\/09\/05\/ataque-en-zinapecuaro-deja-un-militar-muerto-y-tres-heridos\/","title":{"rendered":"Ataque en Zinap\u00e9cuaro deja un militar muerto y tres heridos"},"content":{"rendered":"\n<p class=\"wp-block-paragraph\">Un ataque a militares en Zinap\u00e9cuaro, Michoac\u00e1n, dej\u00f3 un integrante del Ej\u00e9rcito Mexicano muerto y tres m\u00e1s gravemente heridos. La agresi\u00f3n ocurri\u00f3 durante la noche del viernes en una zona cerril de Michoac\u00e1n.<\/p>\n\n\n\n<p class=\"wp-block-paragraph\">Los elementos pertenec\u00edan a la Base de Operaciones Interinstitucionales (BOI), integrada por corporaciones de seguridad de distintos niveles. Adem\u00e1s, casi simult\u00e1neamente, un trailero fue baleado en la autopista M\u00e9xico-Guadalajara.<\/p>\n\n\n\n<p class=\"wp-block-paragraph\">Tras los hechos, fuerzas federales y estatales desplegaron un operativo en Zinap\u00e9cuaro y municipios cercanos. Sin embargo, hasta el momento las autoridades no han reportado personas detenidas.<\/p>\n\n\n\n<p class=\"wp-block-paragraph\">El ataque a militares en Zinap\u00e9cuaro ocurri\u00f3 minutos antes de la medianoche del viernes. Los efectivos realizaban labores de seguridad en un \u00e1rea cerril de Santa Cruz.<\/p>\n\n\n\n<p class=\"wp-block-paragraph\">La agresi\u00f3n ocurri\u00f3 sobre la carretera rural que comunica con la comunidad de San Jos\u00e9 Carpintero. Ante los disparos, los integrantes de la BOI respondieron al ataque y pidieron refuerzos.<\/p>\n\n\n\n<p class=\"wp-block-paragraph\">Como consecuencia del enfrentamiento, tres militares sufrieron heridas de gravedad y otro elemento muri\u00f3 en el lugar. Posteriormente, distintas corporaciones acudieron para reforzar la seguridad en la zona.<\/p>\n\n\n\n<h2 class=\"wp-block-heading\">Refuerzan operativo tras el ataque a militares en Zinap\u00e9cuaro<\/h2>\n\n\n\n<p class=\"wp-block-paragraph\">Luego del ataque a militares en Zinap\u00e9cuaro, las autoridades desplegaron un amplio operativo de b\u00fasqueda. La movilizaci\u00f3n incluy\u00f3 elementos federales, estatales y corporaciones municipales.<\/p>\n\n\n\n<p class=\"wp-block-paragraph\">Adem\u00e1s, un helic\u00f3ptero oficial se incorpor\u00f3 a las labores para reforzar la contenci\u00f3n. Las autoridades tambi\u00e9n extendieron la b\u00fasqueda hacia municipios colindantes con Zinap\u00e9cuaro.<\/p>\n\n\n\n<p class=\"wp-block-paragraph\">Entre las zonas revisadas se encuentra Ac\u00e1mbaro, Guanajuato, debido a su cercan\u00eda con Michoac\u00e1n. No obstante, hasta ahora no existe informaci\u00f3n oficial sobre personas detenidas por la agresi\u00f3n.<\/p>\n\n\n\n<h2 class=\"wp-block-heading\">Tres militares resultan heridos tras la agresi\u00f3n<\/h2>\n\n\n\n<p class=\"wp-block-paragraph\">Los tres militares lesionados recibieron atenci\u00f3n m\u00e9dica despu\u00e9s del enfrentamiento registrado durante la noche. Debido a la gravedad de sus heridas, fueron trasladados a un hospital.<\/p>\n\n\n\n<p class=\"wp-block-paragraph\">El traslado se realiz\u00f3 por v\u00eda terrestre y a\u00e9rea, seg\u00fan las necesidades de atenci\u00f3n de cada elemento. Mientras tanto, las corporaciones mantuvieron presencia en diferentes puntos de la regi\u00f3n.<\/p>\n\n\n\n<p class=\"wp-block-paragraph\">El ataque a militares en Zinap\u00e9cuaro gener\u00f3 una respuesta coordinada entre autoridades de seguridad. As\u00ed, el despliegue busc\u00f3 localizar a los civiles armados responsables de la agresi\u00f3n.<\/p>\n\n\n\n<h2 class=\"wp-block-heading\">Trailero tambi\u00e9n fue baleado en la autopista<\/h2>\n\n\n\n<p class=\"wp-block-paragraph\">Casi al mismo tiempo que ocurri\u00f3 el ataque a militares en Zinap\u00e9cuaro, otro hecho violento se registr\u00f3 en la autopista M\u00e9xico-Guadalajara.<\/p>\n\n\n\n<p class=\"wp-block-paragraph\">A la altura de la caseta de cobro de Zinap\u00e9cuaro, hombres armados dispararon contra el conductor de un tr\u00e1iler. El operador result\u00f3 herido y recibi\u00f3 atenci\u00f3n m\u00e9dica en el lugar.<\/p>\n\n\n\n<p class=\"wp-block-paragraph\">Tambi\u00e9n lee: <strong><a href=\"https:\/\/elotroenfoque.mx\/index.php\/2026\/09\/05\/fox-y-alito-moreno-exploran-frente-opositor-contra-morena\/\">Fox y Alito Moreno exploran frente opositor contra Morena<\/a><\/strong><\/p>\n\n\n\n<p class=\"wp-block-paragraph\">Posteriormente, los servicios de emergencia trasladaron al conductor a un hospital para continuar con su atenci\u00f3n. Por estos hechos, la Fiscal\u00eda General del Estado inici\u00f3 las investigaciones correspondientes.<\/p>\n\n\n\n<p class=\"wp-block-paragraph\">Las autoridades realizaron las diligencias periciales para esclarecer ambos acontecimientos y determinar si existe alguna relaci\u00f3n entre ellos. Hasta ahora, no se ha informado oficialmente sobre detenidos.<\/p>\n\n\n\n<p class=\"wp-block-paragraph\">El ataque a militares en Zinap\u00e9cuaro vuelve a colocar bajo vigilancia la zona lim\u00edtrofe entre Michoac\u00e1n y Guanajuato. Adem\u00e1s, el despliegue continuar\u00e1 mientras las corporaciones buscan a los responsables.<\/p>\n\n\n\n<p class=\"wp-block-paragraph\"><strong><a href=\"https:\/\/www.tiktok.com\/@elotroenfoque?_r=1&amp;_t=ZS-97ffhW6kR1t\">Sigue tambi\u00e9n las noticias en TikTok<\/a><\/strong><\/p>\n","protected":false},"excerpt":{"rendered":"<p>Un ataque a militares en Zinap\u00e9cuaro, Michoac\u00e1n, dej\u00f3 un integrante del Ej\u00e9rcito Mexicano muerto y tres m\u00e1s gravemente heridos. La agresi\u00f3n ocurri\u00f3 durante la noche del viernes en una zona cerril de Michoac\u00e1n. Los elementos pertenec\u00edan a la Base de Operaciones Interinstitucionales (BOI), integrada por corporaciones de seguridad de distintos niveles. Adem\u00e1s, casi simult\u00e1neamente, un&#8230;<\/p>\n","protected":false},"author":4,"featured_media":195710,"comment_status":"closed","ping_status":"open","sticky":false,"template":"","format":"standard","meta":{"footnotes":""},"categories":[11],"tags":[13,4517],"class_list":["post-195709","post","type-post","status-publish","format-standard","has-post-thumbnail","hentry","category-otrasnoticias","tag-guanajuato","tag-noticias-guanajuato"],"yoast_head":"<!-- This site is optimized with the Yoast SEO plugin v28.2 - https:\/\/yoast.com\/product\/yoast-seo-wordpress\/ -->\n<title>Ataque en Zinap\u00e9cuaro deja un militar muerto y tres heridos - El otro enfoque<\/title>\n<meta name=\"description\" content=\"Ataque a militares en Zinap\u00e9cuaro deja un elemento del Ej\u00e9rcito muerto y tres heridos, mientras un trailero tambi\u00e9n fue baleado.\" \/>\n<meta name=\"robots\" content=\"index, follow, max-snippet:-1, max-image-preview:large, max-video-preview:-1\" \/>\n<link rel=\"canonical\" href=\"https:\/\/elotroenfoque.mx\/index.php\/2026\/09\/05\/ataque-en-zinapecuaro-deja-un-militar-muerto-y-tres-heridos\/\" \/>\n<meta property=\"og:locale\" content=\"es_MX\" \/>\n<meta property=\"og:type\" content=\"article\" \/>\n<meta property=\"og:title\" content=\"Ataque en Zinap\u00e9cuaro deja un militar muerto y tres heridos - El otro enfoque\" \/>\n<meta property=\"og:description\" content=\"Ataque a militares en Zinap\u00e9cuaro deja un elemento del Ej\u00e9rcito muerto y tres heridos, mientras un trailero tambi\u00e9n fue baleado.\" \/>\n<meta property=\"og:url\" content=\"https:\/\/elotroenfoque.mx\/index.php\/2026\/09\/05\/ataque-en-zinapecuaro-deja-un-militar-muerto-y-tres-heridos\/\" \/>\n<meta property=\"og:site_name\" content=\"El otro enfoque\" \/>\n<meta property=\"article:published_time\" content=\"2026-09-05T18:30:08+00:00\" \/>\n<meta property=\"og:image\" content=\"https:\/\/elotroenfoque.mx\/wp-content\/uploads\/2026\/09\/ataque-en-zinapecuaro.jpg\" \/>\n\t<meta property=\"og:image:width\" content=\"717\" \/>\n\t<meta property=\"og:image:height\" content=\"473\" \/>\n\t<meta property=\"og:image:type\" content=\"image\/jpeg\" \/>\n<meta name=\"author\" content=\"Equipo Redaccion\" \/>\n<meta name=\"twitter:card\" content=\"summary_large_image\" \/>\n<meta name=\"twitter:label1\" content=\"Escrito por\" \/>\n\t<meta name=\"twitter:data1\" content=\"Equipo Redaccion\" \/>\n\t<meta name=\"twitter:label2\" content=\"Tiempo de lectura\" \/>\n\t<meta name=\"twitter:data2\" content=\"3 minutos\" \/>\n<script type=\"application\/ld+json\" class=\"yoast-schema-graph\">{\"@context\":\"https:\\\/\\\/schema.org\",\"@graph\":[{\"@type\":\"Article\",\"@id\":\"https:\\\/\\\/elotroenfoque.mx\\\/index.php\\\/2026\\\/09\\\/05\\\/ataque-en-zinapecuaro-deja-un-militar-muerto-y-tres-heridos\\\/#article\",\"isPartOf\":{\"@id\":\"https:\\\/\\\/elotroenfoque.mx\\\/index.php\\\/2026\\\/09\\\/05\\\/ataque-en-zinapecuaro-deja-un-militar-muerto-y-tres-heridos\\\/\"},\"author\":{\"name\":\"Equipo Redaccion\",\"@id\":\"https:\\\/\\\/elotroenfoque.mx\\\/#\\\/schema\\\/person\\\/8eb322f84d0bd9f337e462905519a1ae\"},\"headline\":\"Ataque en Zinap\u00e9cuaro deja un militar muerto y tres heridos\",\"datePublished\":\"2026-09-05T18:30:08+00:00\",\"mainEntityOfPage\":{\"@id\":\"https:\\\/\\\/elotroenfoque.mx\\\/index.php\\\/2026\\\/09\\\/05\\\/ataque-en-zinapecuaro-deja-un-militar-muerto-y-tres-heridos\\\/\"},\"wordCount\":573,\"image\":{\"@id\":\"https:\\\/\\\/elotroenfoque.mx\\\/index.php\\\/2026\\\/09\\\/05\\\/ataque-en-zinapecuaro-deja-un-militar-muerto-y-tres-heridos\\\/#primaryimage\"},\"thumbnailUrl\":\"https:\\\/\\\/elotroenfoque.mx\\\/wp-content\\\/uploads\\\/2026\\\/09\\\/ataque-en-zinapecuaro.jpg\",\"keywords\":[\"Guanajuato\",\"Noticias Guanajuato\"],\"articleSection\":[\"Otras Noticias\"],\"inLanguage\":\"es\"},{\"@type\":\"WebPage\",\"@id\":\"https:\\\/\\\/elotroenfoque.mx\\\/index.php\\\/2026\\\/09\\\/05\\\/ataque-en-zinapecuaro-deja-un-militar-muerto-y-tres-heridos\\\/\",\"url\":\"https:\\\/\\\/elotroenfoque.mx\\\/index.php\\\/2026\\\/09\\\/05\\\/ataque-en-zinapecuaro-deja-un-militar-muerto-y-tres-heridos\\\/\",\"name\":\"Ataque en Zinap\u00e9cuaro deja un militar muerto y tres heridos - El otro enfoque\",\"isPartOf\":{\"@id\":\"https:\\\/\\\/elotroenfoque.mx\\\/#website\"},\"primaryImageOfPage\":{\"@id\":\"https:\\\/\\\/elotroenfoque.mx\\\/index.php\\\/2026\\\/09\\\/05\\\/ataque-en-zinapecuaro-deja-un-militar-muerto-y-tres-heridos\\\/#primaryimage\"},\"image\":{\"@id\":\"https:\\\/\\\/elotroenfoque.mx\\\/index.php\\\/2026\\\/09\\\/05\\\/ataque-en-zinapecuaro-deja-un-militar-muerto-y-tres-heridos\\\/#primaryimage\"},\"thumbnailUrl\":\"https:\\\/\\\/elotroenfoque.mx\\\/wp-content\\\/uploads\\\/2026\\\/09\\\/ataque-en-zinapecuaro.jpg\",\"datePublished\":\"2026-09-05T18:30:08+00:00\",\"author\":{\"@id\":\"https:\\\/\\\/elotroenfoque.mx\\\/#\\\/schema\\\/person\\\/8eb322f84d0bd9f337e462905519a1ae\"},\"description\":\"Ataque a militares en Zinap\u00e9cuaro deja un elemento del Ej\u00e9rcito muerto y tres heridos, mientras un trailero tambi\u00e9n fue baleado.\",\"breadcrumb\":{\"@id\":\"https:\\\/\\\/elotroenfoque.mx\\\/index.php\\\/2026\\\/09\\\/05\\\/ataque-en-zinapecuaro-deja-un-militar-muerto-y-tres-heridos\\\/#breadcrumb\"},\"inLanguage\":\"es\",\"potentialAction\":[{\"@type\":\"ReadAction\",\"target\":[\"https:\\\/\\\/elotroenfoque.mx\\\/index.php\\\/2026\\\/09\\\/05\\\/ataque-en-zinapecuaro-deja-un-militar-muerto-y-tres-heridos\\\/\"]}]},{\"@type\":\"ImageObject\",\"inLanguage\":\"es\",\"@id\":\"https:\\\/\\\/elotroenfoque.mx\\\/index.php\\\/2026\\\/09\\\/05\\\/ataque-en-zinapecuaro-deja-un-militar-muerto-y-tres-heridos\\\/#primaryimage\",\"url\":\"https:\\\/\\\/elotroenfoque.mx\\\/wp-content\\\/uploads\\\/2026\\\/09\\\/ataque-en-zinapecuaro.jpg\",\"contentUrl\":\"https:\\\/\\\/elotroenfoque.mx\\\/wp-content\\\/uploads\\\/2026\\\/09\\\/ataque-en-zinapecuaro.jpg\",\"width\":717,\"height\":473},{\"@type\":\"BreadcrumbList\",\"@id\":\"https:\\\/\\\/elotroenfoque.mx\\\/index.php\\\/2026\\\/09\\\/05\\\/ataque-en-zinapecuaro-deja-un-militar-muerto-y-tres-heridos\\\/#breadcrumb\",\"itemListElement\":[{\"@type\":\"ListItem\",\"position\":1,\"name\":\"Portada\",\"item\":\"https:\\\/\\\/elotroenfoque.mx\\\/\"},{\"@type\":\"ListItem\",\"position\":2,\"name\":\"Ataque en Zinap\u00e9cuaro deja un militar muerto y tres heridos\"}]},{\"@type\":\"WebSite\",\"@id\":\"https:\\\/\\\/elotroenfoque.mx\\\/#website\",\"url\":\"https:\\\/\\\/elotroenfoque.mx\\\/\",\"name\":\"El otro enfoque\",\"description\":\"\",\"potentialAction\":[{\"@type\":\"SearchAction\",\"target\":{\"@type\":\"EntryPoint\",\"urlTemplate\":\"https:\\\/\\\/elotroenfoque.mx\\\/?s={search_term_string}\"},\"query-input\":{\"@type\":\"PropertyValueSpecification\",\"valueRequired\":true,\"valueName\":\"search_term_string\"}}],\"inLanguage\":\"es\"},{\"@type\":\"Person\",\"@id\":\"https:\\\/\\\/elotroenfoque.mx\\\/#\\\/schema\\\/person\\\/8eb322f84d0bd9f337e462905519a1ae\",\"name\":\"Equipo Redaccion\",\"image\":{\"@type\":\"ImageObject\",\"inLanguage\":\"es\",\"@id\":\"https:\\\/\\\/secure.gravatar.com\\\/avatar\\\/3579478e2b4e7aad364a32b26cf744b360ae0e581ee1cd0cb18a8f239ee49ac4?s=96&d=mm&r=g\",\"url\":\"https:\\\/\\\/secure.gravatar.com\\\/avatar\\\/3579478e2b4e7aad364a32b26cf744b360ae0e581ee1cd0cb18a8f239ee49ac4?s=96&d=mm&r=g\",\"contentUrl\":\"https:\\\/\\\/secure.gravatar.com\\\/avatar\\\/3579478e2b4e7aad364a32b26cf744b360ae0e581ee1cd0cb18a8f239ee49ac4?s=96&d=mm&r=g\",\"caption\":\"Equipo Redaccion\"},\"url\":\"https:\\\/\\\/elotroenfoque.mx\\\/index.php\\\/author\\\/redaccion\\\/\"}]}<\/script>\n<!-- \/ Yoast SEO plugin. -->","yoast_head_json":{"title":"Ataque en Zinap\u00e9cuaro deja un militar muerto y tres heridos - El otro enfoque","description":"Ataque a militares en Zinap\u00e9cuaro deja un elemento del Ej\u00e9rcito muerto y tres heridos, mientras un trailero tambi\u00e9n fue baleado.","robots":{"index":"index","follow":"follow","max-snippet":"max-snippet:-1","max-image-preview":"max-image-preview:large","max-video-preview":"max-video-preview:-1"},"canonical":"https:\/\/elotroenfoque.mx\/index.php\/2026\/09\/05\/ataque-en-zinapecuaro-deja-un-militar-muerto-y-tres-heridos\/","og_locale":"es_MX","og_type":"article","og_title":"Ataque en Zinap\u00e9cuaro deja un militar muerto y tres heridos - El otro enfoque","og_description":"Ataque a militares en Zinap\u00e9cuaro deja un elemento del Ej\u00e9rcito muerto y tres heridos, mientras un trailero tambi\u00e9n fue baleado.","og_url":"https:\/\/elotroenfoque.mx\/index.php\/2026\/09\/05\/ataque-en-zinapecuaro-deja-un-militar-muerto-y-tres-heridos\/","og_site_name":"El otro enfoque","article_published_time":"2026-09-05T18:30:08+00:00","og_image":[{"width":717,"height":473,"url":"https:\/\/elotroenfoque.mx\/wp-content\/uploads\/2026\/09\/ataque-en-zinapecuaro.jpg","type":"image\/jpeg"}],"author":"Equipo Redaccion","twitter_card":"summary_large_image","twitter_misc":{"Escrito por":"Equipo Redaccion","Tiempo de lectura":"3 minutos"},"schema":{"@context":"https:\/\/schema.org","@graph":[{"@type":"Article","@id":"https:\/\/elotroenfoque.mx\/index.php\/2026\/09\/05\/ataque-en-zinapecuaro-deja-un-militar-muerto-y-tres-heridos\/#article","isPartOf":{"@id":"https:\/\/elotroenfoque.mx\/index.php\/2026\/09\/05\/ataque-en-zinapecuaro-deja-un-militar-muerto-y-tres-heridos\/"},"author":{"name":"Equipo Redaccion","@id":"https:\/\/elotroenfoque.mx\/#\/schema\/person\/8eb322f84d0bd9f337e462905519a1ae"},"headline":"Ataque en Zinap\u00e9cuaro deja un militar muerto y tres heridos","datePublished":"2026-09-05T18:30:08+00:00","mainEntityOfPage":{"@id":"https:\/\/elotroenfoque.mx\/index.php\/2026\/09\/05\/ataque-en-zinapecuaro-deja-un-militar-muerto-y-tres-heridos\/"},"wordCount":573,"image":{"@id":"https:\/\/elotroenfoque.mx\/index.php\/2026\/09\/05\/ataque-en-zinapecuaro-deja-un-militar-muerto-y-tres-heridos\/#primaryimage"},"thumbnailUrl":"https:\/\/elotroenfoque.mx\/wp-content\/uploads\/2026\/09\/ataque-en-zinapecuaro.jpg","keywords":["Guanajuato","Noticias Guanajuato"],"articleSection":["Otras Noticias"],"inLanguage":"es"},{"@type":"WebPage","@id":"https:\/\/elotroenfoque.mx\/index.php\/2026\/09\/05\/ataque-en-zinapecuaro-deja-un-militar-muerto-y-tres-heridos\/","url":"https:\/\/elotroenfoque.mx\/index.php\/2026\/09\/05\/ataque-en-zinapecuaro-deja-un-militar-muerto-y-tres-heridos\/","name":"Ataque en Zinap\u00e9cuaro deja un militar muerto y tres heridos - El otro enfoque","isPartOf":{"@id":"https:\/\/elotroenfoque.mx\/#website"},"primaryImageOfPage":{"@id":"https:\/\/elotroenfoque.mx\/index.php\/2026\/09\/05\/ataque-en-zinapecuaro-deja-un-militar-muerto-y-tres-heridos\/#primaryimage"},"image":{"@id":"https:\/\/elotroenfoque.mx\/index.php\/2026\/09\/05\/ataque-en-zinapecuaro-deja-un-militar-muerto-y-tres-heridos\/#primaryimage"},"thumbnailUrl":"https:\/\/elotroenfoque.mx\/wp-content\/uploads\/2026\/09\/ataque-en-zinapecuaro.jpg","datePublished":"2026-09-05T18:30:08+00:00","author":{"@id":"https:\/\/elotroenfoque.mx\/#\/schema\/person\/8eb322f84d0bd9f337e462905519a1ae"},"description":"Ataque a militares en Zinap\u00e9cuaro deja un elemento del Ej\u00e9rcito muerto y tres heridos, mientras un trailero tambi\u00e9n fue baleado.","breadcrumb":{"@id":"https:\/\/elotroenfoque.mx\/index.php\/2026\/09\/05\/ataque-en-zinapecuaro-deja-un-militar-muerto-y-tres-heridos\/#breadcrumb"},"inLanguage":"es","potentialAction":[{"@type":"ReadAction","target":["https:\/\/elotroenfoque.mx\/index.php\/2026\/09\/05\/ataque-en-zinapecuaro-deja-un-militar-muerto-y-tres-heridos\/"]}]},{"@type":"ImageObject","inLanguage":"es","@id":"https:\/\/elotroenfoque.mx\/index.php\/2026\/09\/05\/ataque-en-zinapecuaro-deja-un-militar-muerto-y-tres-heridos\/#primaryimage","url":"https:\/\/elotroenfoque.mx\/wp-content\/uploads\/2026\/09\/ataque-en-zinapecuaro.jpg","contentUrl":"https:\/\/elotroenfoque.mx\/wp-content\/uploads\/2026\/09\/ataque-en-zinapecuaro.jpg","width":717,"height":473},{"@type":"BreadcrumbList","@id":"https:\/\/elotroenfoque.mx\/index.php\/2026\/09\/05\/ataque-en-zinapecuaro-deja-un-militar-muerto-y-tres-heridos\/#breadcrumb","itemListElement":[{"@type":"ListItem","position":1,"name":"Portada","item":"https:\/\/elotroenfoque.mx\/"},{"@type":"ListItem","position":2,"name":"Ataque en Zinap\u00e9cuaro deja un militar muerto y tres heridos"}]},{"@type":"WebSite","@id":"https:\/\/elotroenfoque.mx\/#website","url":"https:\/\/elotroenfoque.mx\/","name":"El otro enfoque","description":"","potentialAction":[{"@type":"SearchAction","target":{"@type":"EntryPoint","urlTemplate":"https:\/\/elotroenfoque.mx\/?s={search_term_string}"},"query-input":{"@type":"PropertyValueSpecification","valueRequired":true,"valueName":"search_term_string"}}],"inLanguage":"es"},{"@type":"Person","@id":"https:\/\/elotroenfoque.mx\/#\/schema\/person\/8eb322f84d0bd9f337e462905519a1ae","name":"Equipo Redaccion","image":{"@type":"ImageObject","inLanguage":"es","@id":"https:\/\/secure.gravatar.com\/avatar\/3579478e2b4e7aad364a32b26cf744b360ae0e581ee1cd0cb18a8f239ee49ac4?s=96&d=mm&r=g","url":"https:\/\/secure.gravatar.com\/avatar\/3579478e2b4e7aad364a32b26cf744b360ae0e581ee1cd0cb18a8f239ee49ac4?s=96&d=mm&r=g","contentUrl":"https:\/\/secure.gravatar.com\/avatar\/3579478e2b4e7aad364a32b26cf744b360ae0e581ee1cd0cb18a8f239ee49ac4?s=96&d=mm&r=g","caption":"Equipo Redaccion"},"url":"https:\/\/elotroenfoque.mx\/index.php\/author\/redaccion\/"}]}},"_links":{"self":[{"href":"https:\/\/elotroenfoque.mx\/index.php\/wp-json\/wp\/v2\/posts\/195709","targetHints":{"allow":["GET"]}}],"collection":[{"href":"https:\/\/elotroenfoque.mx\/index.php\/wp-json\/wp\/v2\/posts"}],"about":[{"href":"https:\/\/elotroenfoque.mx\/index.php\/wp-json\/wp\/v2\/types\/post"}],"author":[{"embeddable":true,"href":"https:\/\/elotroenfoque.mx\/index.php\/wp-json\/wp\/v2\/users\/4"}],"replies":[{"embeddable":true,"href":"https:\/\/elotroenfoque.mx\/index.php\/wp-json\/wp\/v2\/comments?post=195709"}],"version-history":[{"count":1,"href":"https:\/\/elotroenfoque.mx\/index.php\/wp-json\/wp\/v2\/posts\/195709\/revisions"}],"predecessor-version":[{"id":195711,"href":"https:\/\/elotroenfoque.mx\/index.php\/wp-json\/wp\/v2\/posts\/195709\/revisions\/195711"}],"wp:featuredmedia":[{"embeddable":true,"href":"https:\/\/elotroenfoque.mx\/index.php\/wp-json\/wp\/v2\/media\/195710"}],"wp:attachment":[{"href":"https:\/\/elotroenfoque.mx\/index.php\/wp-json\/wp\/v2\/media?parent=195709"}],"wp:term":[{"taxonomy":"category","embeddable":true,"href":"https:\/\/elotroenfoque.mx\/index.php\/wp-json\/wp\/v2\/categories?post=195709"},{"taxonomy":"post_tag","embeddable":true,"href":"https:\/\/elotroenfoque.mx\/index.php\/wp-json\/wp\/v2\/tags?post=195709"}],"curies":[{"name":"wp","href":"https:\/\/api.w.org\/{rel}","templated":true}]}}