{"id":195712,"date":"2026-09-05T13:26:02","date_gmt":"2026-09-05T19:26:02","guid":{"rendered":"https:\/\/elotroenfoque.mx\/?p=195712"},"modified":"2026-09-05T13:26:03","modified_gmt":"2026-09-05T19:26:03","slug":"juan-carlos-valencia-nuevo-lider-del-cjng-harfuch","status":"publish","type":"post","link":"https:\/\/elotroenfoque.mx\/index.php\/2026\/09\/05\/juan-carlos-valencia-nuevo-lider-del-cjng-harfuch\/","title":{"rendered":"Juan Carlos Valencia, nuevo l\u00edder del CJNG: Harfuch"},"content":{"rendered":"\n<p class=\"wp-block-paragraph\">El nuevo l\u00edder del CJNG es Juan Carlos Valencia Gonz\u00e1lez, alias &#8220;El Pel\u00f3n&#8221;, confirm\u00f3 el Gobierno de M\u00e9xico. La identificaci\u00f3n coincide con la realizada previamente por autoridades de Estados Unidos.<\/p>\n\n\n\n<p class=\"wp-block-paragraph\">Durante una conferencia presidencial desde Zacatecas, el secretario de Seguridad y Protecci\u00f3n Ciudadana, Omar Garc\u00eda Harfuch, se\u00f1al\u00f3 que Valencia Gonz\u00e1lez asumi\u00f3 un papel central dentro del grupo criminal.<\/p>\n\n\n\n<p class=\"wp-block-paragraph\">Adem\u00e1s, el funcionario confirm\u00f3 que el presunto l\u00edder cuenta con doble nacionalidad y una orden de extradici\u00f3n. Su perfil ya hab\u00eda sido analizado por el Gabinete de Seguridad tras la muerte de &#8220;El Mencho&#8221;.<\/p>\n\n\n\n<p class=\"wp-block-paragraph\">Seg\u00fan Harfuch, el nuevo l\u00edder del CJNG comenz\u00f3 a destacar entre los principales mandos regionales despu\u00e9s de la muerte de Nemesio Oseguera Cervantes. El funcionario se\u00f1al\u00f3 que su perfil sobresal\u00eda dentro de la estructura criminal.<\/p>\n\n\n\n<p class=\"wp-block-paragraph\">\u201cS\u00ed, tiene orden de extradici\u00f3n tambi\u00e9n y tiene doble nacionalidad\u201d, afirm\u00f3 el secretario al ser cuestionado sobre Valencia Gonz\u00e1lez. As\u00ed, el Gobierno mexicano confirm\u00f3 p\u00fablicamente la informaci\u00f3n difundida por Estados Unidos.<\/p>\n\n\n\n<p class=\"wp-block-paragraph\">La sucesi\u00f3n ocurri\u00f3 despu\u00e9s de la muerte de &#8220;El Mencho&#8221;, fundador del C\u00e1rtel Jalisco Nueva Generaci\u00f3n. El narcotraficante falleci\u00f3 el 22 de febrero tras resultar herido durante un operativo federal en Jalisco.<\/p>\n\n\n\n<h2 class=\"wp-block-heading\">Estados Unidos tambi\u00e9n se\u00f1ala a Juan Carlos Valencia<\/h2>\n\n\n\n<p class=\"wp-block-paragraph\">El Departamento del Tesoro de Estados Unidos identific\u00f3 en julio a Juan Carlos Valencia como nuevo l\u00edder del CJNG. De acuerdo con esa dependencia, asumi\u00f3 el mando despu\u00e9s de la muerte de su padrastro.<\/p>\n\n\n\n<p class=\"wp-block-paragraph\">Washington tambi\u00e9n lo describi\u00f3 como un integrante con amplia trayectoria dentro de la organizaci\u00f3n. Previamente, Valencia Gonz\u00e1lez habr\u00eda encabezado uno de los brazos armados del grupo criminal.<\/p>\n\n\n\n<p class=\"wp-block-paragraph\">Posteriormente, el Departamento de Justicia y la DEA reiteraron el se\u00f1alamiento el 5 de agosto. Ambas instituciones indicaron que documentos judiciales e informaci\u00f3n de inteligencia respaldaban su identificaci\u00f3n como jefe del c\u00e1rtel.<\/p>\n\n\n\n<h2 class=\"wp-block-heading\">Aumentan recompensa por el presunto l\u00edder<\/h2>\n\n\n\n<p class=\"wp-block-paragraph\">El nuevo l\u00edder del CJNG enfrenta adem\u00e1s una fuerte presi\u00f3n de las autoridades estadounidenses. En agosto, Washington elev\u00f3 de cinco a 25 millones de d\u00f3lares la recompensa por informaci\u00f3n que permita capturarlo o lograr una condena.<\/p>\n\n\n\n<p class=\"wp-block-paragraph\">La recompensa representa un incremento considerable respecto al monto establecido anteriormente. Desde diciembre de 2021, el Departamento de Estado ya ofrec\u00eda dinero por informaci\u00f3n relacionada con Valencia.<\/p>\n\n\n\n<p class=\"wp-block-paragraph\">En ese momento, las autoridades estadounidenses lo identificaban como un integrante de alto rango vinculado con actividades de narcotr\u00e1fico. Ahora, su perfil ocupa un nivel superior dentro de las investigaciones de Washington.<\/p>\n\n\n\n<h2 class=\"wp-block-heading\">\u00bfDe qu\u00e9 acusa Estados Unidos a Valencia?<\/h2>\n\n\n\n<p class=\"wp-block-paragraph\">Las autoridades estadounidenses acusan a Juan Carlos Valencia de participar en una conspiraci\u00f3n para fabricar y distribuir coca\u00edna y metanfetamina con destino a Estados Unidos.<\/p>\n\n\n\n<p class=\"wp-block-paragraph\">Adem\u00e1s, enfrenta se\u00f1alamientos relacionados con el uso de armas de fuego en actividades vinculadas con el narcotr\u00e1fico. Por ello, su captura se mantiene como uno de los objetivos de las autoridades estadounidenses.<\/p>\n\n\n\n<p class=\"wp-block-paragraph\">El Gobierno de M\u00e9xico, por su parte, ya hab\u00eda perfilado a Valencia como una figura relevante dentro del CJNG. Harfuch explic\u00f3 que su ascenso comenz\u00f3 a tomar fuerza despu\u00e9s de la ca\u00edda de &#8220;El Mencho&#8221;.<\/p>\n\n\n\n<p class=\"wp-block-paragraph\">Tambi\u00e9n lee: <strong><a href=\"https:\/\/elotroenfoque.mx\/index.php\/2026\/09\/05\/ataque-en-zinapecuaro-deja-un-militar-muerto-y-tres-heridos\/\">Ataque en Zinap\u00e9cuaro deja un militar muerto y tres heridos<\/a><\/strong><\/p>\n\n\n\n<p class=\"wp-block-paragraph\">Nemesio Oseguera Cervantes muri\u00f3 el 22 de febrero, luego de resultar herido durante un operativo del Ej\u00e9rcito Mexicano y la Guardia Nacional. El despliegue ocurri\u00f3 en la localidad de Tapalpa, Jalisco.<\/p>\n\n\n\n<p class=\"wp-block-paragraph\">Con la confirmaci\u00f3n oficial, el nombre de Juan Carlos Valencia Gonz\u00e1lez queda ubicado en el centro de la disputa por el control del grupo criminal. Adem\u00e1s, su doble nacionalidad y la orden de extradici\u00f3n aumentan el inter\u00e9s de las autoridades mexicanas y estadounidenses.<\/p>\n\n\n\n<p class=\"wp-block-paragraph\">La recompensa de hasta 25 millones de d\u00f3lares ofrecida por Washington tambi\u00e9n refleja la prioridad que tiene su captura. Mientras tanto, ambos pa\u00edses mantienen investigaciones relacionadas con las actividades atribuidas al presunto dirigente.<\/p>\n\n\n\n<p class=\"wp-block-paragraph\"><strong><a href=\"https:\/\/www.tiktok.com\/@elotroenfoque?_r=1&amp;_t=ZS-97ffhW6kR1t\">Sigue tambi\u00e9n las noticias en TikTok<\/a><\/strong><\/p>\n\n\n\n<p class=\"wp-block-paragraph\"><\/p>\n","protected":false},"excerpt":{"rendered":"<p>El nuevo l\u00edder del CJNG es Juan Carlos Valencia Gonz\u00e1lez, alias &#8220;El Pel\u00f3n&#8221;, confirm\u00f3 el Gobierno de M\u00e9xico. La identificaci\u00f3n coincide con la realizada previamente por autoridades de Estados Unidos. Durante una conferencia presidencial desde Zacatecas, el secretario de Seguridad y Protecci\u00f3n Ciudadana, Omar Garc\u00eda Harfuch, se\u00f1al\u00f3 que Valencia Gonz\u00e1lez asumi\u00f3 un papel central dentro&#8230;<\/p>\n","protected":false},"author":4,"featured_media":195713,"comment_status":"closed","ping_status":"open","sticky":false,"template":"","format":"standard","meta":{"footnotes":""},"categories":[11],"tags":[13,4517],"class_list":["post-195712","post","type-post","status-publish","format-standard","has-post-thumbnail","hentry","category-otrasnoticias","tag-guanajuato","tag-noticias-guanajuato"],"yoast_head":"<!-- This site is optimized with the Yoast SEO plugin v28.2 - https:\/\/yoast.com\/product\/yoast-seo-wordpress\/ -->\n<title>Juan Carlos Valencia, nuevo l\u00edder del CJNG: Harfuch - El otro enfoque<\/title>\n<meta name=\"description\" content=\"Juan Carlos Valencia Gonz\u00e1lez es se\u00f1alado como nuevo l\u00edder del CJNG tras la muerte de \u2018el Mencho\u2019; adem\u00e1s, enfrenta una orden de extradici\u00f3n.\" \/>\n<meta name=\"robots\" content=\"index, follow, max-snippet:-1, max-image-preview:large, max-video-preview:-1\" \/>\n<link rel=\"canonical\" href=\"https:\/\/elotroenfoque.mx\/index.php\/2026\/09\/05\/juan-carlos-valencia-nuevo-lider-del-cjng-harfuch\/\" \/>\n<meta property=\"og:locale\" content=\"es_MX\" \/>\n<meta property=\"og:type\" content=\"article\" \/>\n<meta property=\"og:title\" content=\"Juan Carlos Valencia, nuevo l\u00edder del CJNG: Harfuch - El otro enfoque\" \/>\n<meta property=\"og:description\" content=\"Juan Carlos Valencia Gonz\u00e1lez es se\u00f1alado como nuevo l\u00edder del CJNG tras la muerte de \u2018el Mencho\u2019; adem\u00e1s, enfrenta una orden de extradici\u00f3n.\" \/>\n<meta property=\"og:url\" content=\"https:\/\/elotroenfoque.mx\/index.php\/2026\/09\/05\/juan-carlos-valencia-nuevo-lider-del-cjng-harfuch\/\" \/>\n<meta property=\"og:site_name\" content=\"El otro enfoque\" \/>\n<meta property=\"article:published_time\" content=\"2026-09-05T19:26:02+00:00\" \/>\n<meta property=\"article:modified_time\" content=\"2026-09-05T19:26:03+00:00\" \/>\n<meta property=\"og:image\" content=\"https:\/\/elotroenfoque.mx\/wp-content\/uploads\/2026\/09\/juan-carlos-valencia.jpg\" \/>\n\t<meta property=\"og:image:width\" content=\"617\" \/>\n\t<meta property=\"og:image:height\" content=\"539\" \/>\n\t<meta property=\"og:image:type\" content=\"image\/jpeg\" \/>\n<meta name=\"author\" content=\"Equipo Redaccion\" \/>\n<meta name=\"twitter:card\" content=\"summary_large_image\" \/>\n<meta name=\"twitter:label1\" content=\"Escrito por\" \/>\n\t<meta name=\"twitter:data1\" content=\"Equipo Redaccion\" \/>\n\t<meta name=\"twitter:label2\" content=\"Tiempo de lectura\" \/>\n\t<meta name=\"twitter:data2\" content=\"4 minutos\" \/>\n<script type=\"application\/ld+json\" class=\"yoast-schema-graph\">{\"@context\":\"https:\\\/\\\/schema.org\",\"@graph\":[{\"@type\":\"Article\",\"@id\":\"https:\\\/\\\/elotroenfoque.mx\\\/index.php\\\/2026\\\/09\\\/05\\\/juan-carlos-valencia-nuevo-lider-del-cjng-harfuch\\\/#article\",\"isPartOf\":{\"@id\":\"https:\\\/\\\/elotroenfoque.mx\\\/index.php\\\/2026\\\/09\\\/05\\\/juan-carlos-valencia-nuevo-lider-del-cjng-harfuch\\\/\"},\"author\":{\"name\":\"Equipo Redaccion\",\"@id\":\"https:\\\/\\\/elotroenfoque.mx\\\/#\\\/schema\\\/person\\\/8eb322f84d0bd9f337e462905519a1ae\"},\"headline\":\"Juan Carlos Valencia, nuevo l\u00edder del CJNG: Harfuch\",\"datePublished\":\"2026-09-05T19:26:02+00:00\",\"dateModified\":\"2026-09-05T19:26:03+00:00\",\"mainEntityOfPage\":{\"@id\":\"https:\\\/\\\/elotroenfoque.mx\\\/index.php\\\/2026\\\/09\\\/05\\\/juan-carlos-valencia-nuevo-lider-del-cjng-harfuch\\\/\"},\"wordCount\":688,\"image\":{\"@id\":\"https:\\\/\\\/elotroenfoque.mx\\\/index.php\\\/2026\\\/09\\\/05\\\/juan-carlos-valencia-nuevo-lider-del-cjng-harfuch\\\/#primaryimage\"},\"thumbnailUrl\":\"https:\\\/\\\/elotroenfoque.mx\\\/wp-content\\\/uploads\\\/2026\\\/09\\\/juan-carlos-valencia.jpg\",\"keywords\":[\"Guanajuato\",\"Noticias Guanajuato\"],\"articleSection\":[\"Otras Noticias\"],\"inLanguage\":\"es\"},{\"@type\":\"WebPage\",\"@id\":\"https:\\\/\\\/elotroenfoque.mx\\\/index.php\\\/2026\\\/09\\\/05\\\/juan-carlos-valencia-nuevo-lider-del-cjng-harfuch\\\/\",\"url\":\"https:\\\/\\\/elotroenfoque.mx\\\/index.php\\\/2026\\\/09\\\/05\\\/juan-carlos-valencia-nuevo-lider-del-cjng-harfuch\\\/\",\"name\":\"Juan Carlos Valencia, nuevo l\u00edder del CJNG: Harfuch - El otro enfoque\",\"isPartOf\":{\"@id\":\"https:\\\/\\\/elotroenfoque.mx\\\/#website\"},\"primaryImageOfPage\":{\"@id\":\"https:\\\/\\\/elotroenfoque.mx\\\/index.php\\\/2026\\\/09\\\/05\\\/juan-carlos-valencia-nuevo-lider-del-cjng-harfuch\\\/#primaryimage\"},\"image\":{\"@id\":\"https:\\\/\\\/elotroenfoque.mx\\\/index.php\\\/2026\\\/09\\\/05\\\/juan-carlos-valencia-nuevo-lider-del-cjng-harfuch\\\/#primaryimage\"},\"thumbnailUrl\":\"https:\\\/\\\/elotroenfoque.mx\\\/wp-content\\\/uploads\\\/2026\\\/09\\\/juan-carlos-valencia.jpg\",\"datePublished\":\"2026-09-05T19:26:02+00:00\",\"dateModified\":\"2026-09-05T19:26:03+00:00\",\"author\":{\"@id\":\"https:\\\/\\\/elotroenfoque.mx\\\/#\\\/schema\\\/person\\\/8eb322f84d0bd9f337e462905519a1ae\"},\"description\":\"Juan Carlos Valencia Gonz\u00e1lez es se\u00f1alado como nuevo l\u00edder del CJNG tras la muerte de \u2018el Mencho\u2019; adem\u00e1s, enfrenta una orden de extradici\u00f3n.\",\"breadcrumb\":{\"@id\":\"https:\\\/\\\/elotroenfoque.mx\\\/index.php\\\/2026\\\/09\\\/05\\\/juan-carlos-valencia-nuevo-lider-del-cjng-harfuch\\\/#breadcrumb\"},\"inLanguage\":\"es\",\"potentialAction\":[{\"@type\":\"ReadAction\",\"target\":[\"https:\\\/\\\/elotroenfoque.mx\\\/index.php\\\/2026\\\/09\\\/05\\\/juan-carlos-valencia-nuevo-lider-del-cjng-harfuch\\\/\"]}]},{\"@type\":\"ImageObject\",\"inLanguage\":\"es\",\"@id\":\"https:\\\/\\\/elotroenfoque.mx\\\/index.php\\\/2026\\\/09\\\/05\\\/juan-carlos-valencia-nuevo-lider-del-cjng-harfuch\\\/#primaryimage\",\"url\":\"https:\\\/\\\/elotroenfoque.mx\\\/wp-content\\\/uploads\\\/2026\\\/09\\\/juan-carlos-valencia.jpg\",\"contentUrl\":\"https:\\\/\\\/elotroenfoque.mx\\\/wp-content\\\/uploads\\\/2026\\\/09\\\/juan-carlos-valencia.jpg\",\"width\":617,\"height\":539},{\"@type\":\"BreadcrumbList\",\"@id\":\"https:\\\/\\\/elotroenfoque.mx\\\/index.php\\\/2026\\\/09\\\/05\\\/juan-carlos-valencia-nuevo-lider-del-cjng-harfuch\\\/#breadcrumb\",\"itemListElement\":[{\"@type\":\"ListItem\",\"position\":1,\"name\":\"Portada\",\"item\":\"https:\\\/\\\/elotroenfoque.mx\\\/\"},{\"@type\":\"ListItem\",\"position\":2,\"name\":\"Juan Carlos Valencia, nuevo l\u00edder del CJNG: Harfuch\"}]},{\"@type\":\"WebSite\",\"@id\":\"https:\\\/\\\/elotroenfoque.mx\\\/#website\",\"url\":\"https:\\\/\\\/elotroenfoque.mx\\\/\",\"name\":\"El otro enfoque\",\"description\":\"\",\"potentialAction\":[{\"@type\":\"SearchAction\",\"target\":{\"@type\":\"EntryPoint\",\"urlTemplate\":\"https:\\\/\\\/elotroenfoque.mx\\\/?s={search_term_string}\"},\"query-input\":{\"@type\":\"PropertyValueSpecification\",\"valueRequired\":true,\"valueName\":\"search_term_string\"}}],\"inLanguage\":\"es\"},{\"@type\":\"Person\",\"@id\":\"https:\\\/\\\/elotroenfoque.mx\\\/#\\\/schema\\\/person\\\/8eb322f84d0bd9f337e462905519a1ae\",\"name\":\"Equipo Redaccion\",\"image\":{\"@type\":\"ImageObject\",\"inLanguage\":\"es\",\"@id\":\"https:\\\/\\\/secure.gravatar.com\\\/avatar\\\/3579478e2b4e7aad364a32b26cf744b360ae0e581ee1cd0cb18a8f239ee49ac4?s=96&d=mm&r=g\",\"url\":\"https:\\\/\\\/secure.gravatar.com\\\/avatar\\\/3579478e2b4e7aad364a32b26cf744b360ae0e581ee1cd0cb18a8f239ee49ac4?s=96&d=mm&r=g\",\"contentUrl\":\"https:\\\/\\\/secure.gravatar.com\\\/avatar\\\/3579478e2b4e7aad364a32b26cf744b360ae0e581ee1cd0cb18a8f239ee49ac4?s=96&d=mm&r=g\",\"caption\":\"Equipo Redaccion\"},\"url\":\"https:\\\/\\\/elotroenfoque.mx\\\/index.php\\\/author\\\/redaccion\\\/\"}]}<\/script>\n<!-- \/ Yoast SEO plugin. -->","yoast_head_json":{"title":"Juan Carlos Valencia, nuevo l\u00edder del CJNG: Harfuch - El otro enfoque","description":"Juan Carlos Valencia Gonz\u00e1lez es se\u00f1alado como nuevo l\u00edder del CJNG tras la muerte de \u2018el Mencho\u2019; adem\u00e1s, enfrenta una orden de extradici\u00f3n.","robots":{"index":"index","follow":"follow","max-snippet":"max-snippet:-1","max-image-preview":"max-image-preview:large","max-video-preview":"max-video-preview:-1"},"canonical":"https:\/\/elotroenfoque.mx\/index.php\/2026\/09\/05\/juan-carlos-valencia-nuevo-lider-del-cjng-harfuch\/","og_locale":"es_MX","og_type":"article","og_title":"Juan Carlos Valencia, nuevo l\u00edder del CJNG: Harfuch - El otro enfoque","og_description":"Juan Carlos Valencia Gonz\u00e1lez es se\u00f1alado como nuevo l\u00edder del CJNG tras la muerte de \u2018el Mencho\u2019; adem\u00e1s, enfrenta una orden de extradici\u00f3n.","og_url":"https:\/\/elotroenfoque.mx\/index.php\/2026\/09\/05\/juan-carlos-valencia-nuevo-lider-del-cjng-harfuch\/","og_site_name":"El otro enfoque","article_published_time":"2026-09-05T19:26:02+00:00","article_modified_time":"2026-09-05T19:26:03+00:00","og_image":[{"width":617,"height":539,"url":"https:\/\/elotroenfoque.mx\/wp-content\/uploads\/2026\/09\/juan-carlos-valencia.jpg","type":"image\/jpeg"}],"author":"Equipo Redaccion","twitter_card":"summary_large_image","twitter_misc":{"Escrito por":"Equipo Redaccion","Tiempo de lectura":"4 minutos"},"schema":{"@context":"https:\/\/schema.org","@graph":[{"@type":"Article","@id":"https:\/\/elotroenfoque.mx\/index.php\/2026\/09\/05\/juan-carlos-valencia-nuevo-lider-del-cjng-harfuch\/#article","isPartOf":{"@id":"https:\/\/elotroenfoque.mx\/index.php\/2026\/09\/05\/juan-carlos-valencia-nuevo-lider-del-cjng-harfuch\/"},"author":{"name":"Equipo Redaccion","@id":"https:\/\/elotroenfoque.mx\/#\/schema\/person\/8eb322f84d0bd9f337e462905519a1ae"},"headline":"Juan Carlos Valencia, nuevo l\u00edder del CJNG: Harfuch","datePublished":"2026-09-05T19:26:02+00:00","dateModified":"2026-09-05T19:26:03+00:00","mainEntityOfPage":{"@id":"https:\/\/elotroenfoque.mx\/index.php\/2026\/09\/05\/juan-carlos-valencia-nuevo-lider-del-cjng-harfuch\/"},"wordCount":688,"image":{"@id":"https:\/\/elotroenfoque.mx\/index.php\/2026\/09\/05\/juan-carlos-valencia-nuevo-lider-del-cjng-harfuch\/#primaryimage"},"thumbnailUrl":"https:\/\/elotroenfoque.mx\/wp-content\/uploads\/2026\/09\/juan-carlos-valencia.jpg","keywords":["Guanajuato","Noticias Guanajuato"],"articleSection":["Otras Noticias"],"inLanguage":"es"},{"@type":"WebPage","@id":"https:\/\/elotroenfoque.mx\/index.php\/2026\/09\/05\/juan-carlos-valencia-nuevo-lider-del-cjng-harfuch\/","url":"https:\/\/elotroenfoque.mx\/index.php\/2026\/09\/05\/juan-carlos-valencia-nuevo-lider-del-cjng-harfuch\/","name":"Juan Carlos Valencia, nuevo l\u00edder del CJNG: Harfuch - El otro enfoque","isPartOf":{"@id":"https:\/\/elotroenfoque.mx\/#website"},"primaryImageOfPage":{"@id":"https:\/\/elotroenfoque.mx\/index.php\/2026\/09\/05\/juan-carlos-valencia-nuevo-lider-del-cjng-harfuch\/#primaryimage"},"image":{"@id":"https:\/\/elotroenfoque.mx\/index.php\/2026\/09\/05\/juan-carlos-valencia-nuevo-lider-del-cjng-harfuch\/#primaryimage"},"thumbnailUrl":"https:\/\/elotroenfoque.mx\/wp-content\/uploads\/2026\/09\/juan-carlos-valencia.jpg","datePublished":"2026-09-05T19:26:02+00:00","dateModified":"2026-09-05T19:26:03+00:00","author":{"@id":"https:\/\/elotroenfoque.mx\/#\/schema\/person\/8eb322f84d0bd9f337e462905519a1ae"},"description":"Juan Carlos Valencia Gonz\u00e1lez es se\u00f1alado como nuevo l\u00edder del CJNG tras la muerte de \u2018el Mencho\u2019; adem\u00e1s, enfrenta una orden de extradici\u00f3n.","breadcrumb":{"@id":"https:\/\/elotroenfoque.mx\/index.php\/2026\/09\/05\/juan-carlos-valencia-nuevo-lider-del-cjng-harfuch\/#breadcrumb"},"inLanguage":"es","potentialAction":[{"@type":"ReadAction","target":["https:\/\/elotroenfoque.mx\/index.php\/2026\/09\/05\/juan-carlos-valencia-nuevo-lider-del-cjng-harfuch\/"]}]},{"@type":"ImageObject","inLanguage":"es","@id":"https:\/\/elotroenfoque.mx\/index.php\/2026\/09\/05\/juan-carlos-valencia-nuevo-lider-del-cjng-harfuch\/#primaryimage","url":"https:\/\/elotroenfoque.mx\/wp-content\/uploads\/2026\/09\/juan-carlos-valencia.jpg","contentUrl":"https:\/\/elotroenfoque.mx\/wp-content\/uploads\/2026\/09\/juan-carlos-valencia.jpg","width":617,"height":539},{"@type":"BreadcrumbList","@id":"https:\/\/elotroenfoque.mx\/index.php\/2026\/09\/05\/juan-carlos-valencia-nuevo-lider-del-cjng-harfuch\/#breadcrumb","itemListElement":[{"@type":"ListItem","position":1,"name":"Portada","item":"https:\/\/elotroenfoque.mx\/"},{"@type":"ListItem","position":2,"name":"Juan Carlos Valencia, nuevo l\u00edder del CJNG: Harfuch"}]},{"@type":"WebSite","@id":"https:\/\/elotroenfoque.mx\/#website","url":"https:\/\/elotroenfoque.mx\/","name":"El otro enfoque","description":"","potentialAction":[{"@type":"SearchAction","target":{"@type":"EntryPoint","urlTemplate":"https:\/\/elotroenfoque.mx\/?s={search_term_string}"},"query-input":{"@type":"PropertyValueSpecification","valueRequired":true,"valueName":"search_term_string"}}],"inLanguage":"es"},{"@type":"Person","@id":"https:\/\/elotroenfoque.mx\/#\/schema\/person\/8eb322f84d0bd9f337e462905519a1ae","name":"Equipo Redaccion","image":{"@type":"ImageObject","inLanguage":"es","@id":"https:\/\/secure.gravatar.com\/avatar\/3579478e2b4e7aad364a32b26cf744b360ae0e581ee1cd0cb18a8f239ee49ac4?s=96&d=mm&r=g","url":"https:\/\/secure.gravatar.com\/avatar\/3579478e2b4e7aad364a32b26cf744b360ae0e581ee1cd0cb18a8f239ee49ac4?s=96&d=mm&r=g","contentUrl":"https:\/\/secure.gravatar.com\/avatar\/3579478e2b4e7aad364a32b26cf744b360ae0e581ee1cd0cb18a8f239ee49ac4?s=96&d=mm&r=g","caption":"Equipo Redaccion"},"url":"https:\/\/elotroenfoque.mx\/index.php\/author\/redaccion\/"}]}},"_links":{"self":[{"href":"https:\/\/elotroenfoque.mx\/index.php\/wp-json\/wp\/v2\/posts\/195712","targetHints":{"allow":["GET"]}}],"collection":[{"href":"https:\/\/elotroenfoque.mx\/index.php\/wp-json\/wp\/v2\/posts"}],"about":[{"href":"https:\/\/elotroenfoque.mx\/index.php\/wp-json\/wp\/v2\/types\/post"}],"author":[{"embeddable":true,"href":"https:\/\/elotroenfoque.mx\/index.php\/wp-json\/wp\/v2\/users\/4"}],"replies":[{"embeddable":true,"href":"https:\/\/elotroenfoque.mx\/index.php\/wp-json\/wp\/v2\/comments?post=195712"}],"version-history":[{"count":1,"href":"https:\/\/elotroenfoque.mx\/index.php\/wp-json\/wp\/v2\/posts\/195712\/revisions"}],"predecessor-version":[{"id":195714,"href":"https:\/\/elotroenfoque.mx\/index.php\/wp-json\/wp\/v2\/posts\/195712\/revisions\/195714"}],"wp:featuredmedia":[{"embeddable":true,"href":"https:\/\/elotroenfoque.mx\/index.php\/wp-json\/wp\/v2\/media\/195713"}],"wp:attachment":[{"href":"https:\/\/elotroenfoque.mx\/index.php\/wp-json\/wp\/v2\/media?parent=195712"}],"wp:term":[{"taxonomy":"category","embeddable":true,"href":"https:\/\/elotroenfoque.mx\/index.php\/wp-json\/wp\/v2\/categories?post=195712"},{"taxonomy":"post_tag","embeddable":true,"href":"https:\/\/elotroenfoque.mx\/index.php\/wp-json\/wp\/v2\/tags?post=195712"}],"curies":[{"name":"wp","href":"https:\/\/api.w.org\/{rel}","templated":true}]}}