{"id":195722,"date":"2026-09-05T15:37:27","date_gmt":"2026-09-05T21:37:27","guid":{"rendered":"https:\/\/elotroenfoque.mx\/?p=195722"},"modified":"2026-09-05T15:37:28","modified_gmt":"2026-09-05T21:37:28","slug":"capturan-en-silao-a-hombre-acusado-de-matar-a-otro-con-una-espada","status":"publish","type":"post","link":"https:\/\/elotroenfoque.mx\/index.php\/2026\/09\/05\/capturan-en-silao-a-hombre-acusado-de-matar-a-otro-con-una-espada\/","title":{"rendered":"Capturan en Silao a hombre acusado de matar a otro con una espada"},"content":{"rendered":"\n<p class=\"wp-block-paragraph\">Un homicidio con una espada ocurrido en Silao en abril de este a\u00f1o deriv\u00f3 en la captura y vinculaci\u00f3n a proceso de Jos\u00e9 Luis \u201cN\u201d. La Fiscal\u00eda General del Estado de Guanajuato lo se\u00f1ala como probable responsable.<\/p>\n\n\n\n<p class=\"wp-block-paragraph\">Los hechos ocurrieron durante la madrugada del 26 de abril, dentro de una bloquera ubicada en la avenida San Bartolo. La v\u00edctima fue atacada con una espada y sufri\u00f3 m\u00faltiples heridas en distintas partes del cuerpo.<\/p>\n\n\n\n<p class=\"wp-block-paragraph\">Aunque recibi\u00f3 atenci\u00f3n m\u00e9dica de emergencia, el hombre muri\u00f3 posteriormente debido a la gravedad de las lesiones. Tras la agresi\u00f3n, el presunto responsable huy\u00f3 del lugar.<\/p>\n\n\n\n<h2 class=\"wp-block-heading\">Homicidio con una espada ocurri\u00f3 en una bloquera<\/h2>\n\n\n\n<p class=\"wp-block-paragraph\">De acuerdo con la investigaci\u00f3n, el homicidio con una espada ocurri\u00f3 alrededor de las 00:30 horas. En ese momento, Jos\u00e9 Luis \u201cN\u201d habr\u00eda agredido f\u00edsica y verbalmente a la v\u00edctima.<\/p>\n\n\n\n<p class=\"wp-block-paragraph\">La Fiscal\u00eda se\u00f1ala que durante el ataque utiliz\u00f3 una espada para provocarle diversas heridas. Despu\u00e9s de la agresi\u00f3n, el hombre abandon\u00f3 el sitio antes de que llegaran los servicios de emergencia.<\/p>\n\n\n\n<p class=\"wp-block-paragraph\">La v\u00edctima fue trasladada de urgencia para recibir atenci\u00f3n m\u00e9dica. Sin embargo, las lesiones que sufri\u00f3 durante el homicidio con una espada fueron de tal gravedad que posteriormente perdi\u00f3 la vida.<\/p>\n\n\n\n<h2 class=\"wp-block-heading\">Fiscal\u00eda lleva el caso ante un juez<\/h2>\n\n\n\n<p class=\"wp-block-paragraph\">La Unidad Especializada en Investigaci\u00f3n de Homicidios de la Fiscal\u00eda Regional \u201cB\u201d se encarg\u00f3 de las investigaciones. Los agentes reunieron datos de prueba para identificar al probable responsable.<\/p>\n\n\n\n<p class=\"wp-block-paragraph\">Con esos elementos, el caso lleg\u00f3 ante un juez de Control mediante una audiencia de formulaci\u00f3n de imputaci\u00f3n. Durante la diligencia participaron una agente del Ministerio P\u00fablico y un defensor p\u00fablico.<\/p>\n\n\n\n<p class=\"wp-block-paragraph\">Tras analizar la informaci\u00f3n presentada por la Fiscal\u00eda, la autoridad judicial determin\u00f3 que exist\u00edan elementos suficientes. Por ello, resolvi\u00f3 vincular a proceso penal a Jos\u00e9 Luis \u201cN\u201d por el delito de homicidio calificado.<\/p>\n\n\n\n<h2 class=\"wp-block-heading\">Imponen prisi\u00f3n preventiva al acusado<\/h2>\n\n\n\n<p class=\"wp-block-paragraph\">Adem\u00e1s de la vinculaci\u00f3n a proceso, el juez impuso al acusado la medida cautelar de prisi\u00f3n preventiva. Esto significa que permanecer\u00e1 privado de su libertad mientras contin\u00faa el procedimiento judicial.<\/p>\n\n\n\n<p class=\"wp-block-paragraph\">La decisi\u00f3n se tom\u00f3 despu\u00e9s de analizar los datos presentados durante la audiencia. Mientras tanto, la Fiscal\u00eda continuar\u00e1 con las diligencias correspondientes para fortalecer la investigaci\u00f3n.<\/p>\n\n\n\n<p class=\"wp-block-paragraph\">El proceso todav\u00eda no concluye y la vinculaci\u00f3n no representa una sentencia definitiva. Ser\u00e1 durante las siguientes etapas cuando se determine la responsabilidad penal del acusado.<\/p>\n\n\n\n<h2 class=\"wp-block-heading\">Investigaci\u00f3n continuar\u00e1 en Silao<\/h2>\n\n\n\n<p class=\"wp-block-paragraph\">El juez tambi\u00e9n estableci\u00f3 un plazo para el cierre de la investigaci\u00f3n complementaria. Durante este periodo, la Fiscal\u00eda podr\u00e1 continuar recabando elementos relacionados con el homicidio ocurrido en abril.<\/p>\n\n\n\n<p class=\"wp-block-paragraph\">El objetivo ser\u00e1 completar la investigaci\u00f3n y presentar los datos correspondientes ante la autoridad judicial. Posteriormente, el proceso avanzar\u00e1 hacia las siguientes etapas previstas por la legislaci\u00f3n penal.<\/p>\n\n\n\n<p class=\"wp-block-paragraph\">El homicidio con una espada ocurri\u00f3 hace m\u00e1s de cuatro meses en la comunidad de San Bartolo. Ahora, con la captura y vinculaci\u00f3n del presunto responsable, el caso continuar\u00e1 su curso ante un juez.<\/p>\n\n\n\n<p class=\"wp-block-paragraph\">Tambi\u00e9n lee: <strong><a href=\"https:\/\/elotroenfoque.mx\/index.php\/2026\/09\/05\/ataque-armado-en-san-juan-de-dios-en-leon-deja-una-persona-muerta\/\">Ataque armado en San Juan de Dios, en Le\u00f3n, deja una persona muerta<\/a><\/strong><\/p>\n\n\n\n<p class=\"wp-block-paragraph\">La Fiscal\u00eda General del Estado de Guanajuato mantiene abierta la investigaci\u00f3n para esclarecer completamente lo ocurrido. Por su parte, la autoridad judicial ser\u00e1 la encargada de determinar si existen elementos suficientes para establecer una sentencia.<\/p>\n\n\n\n<p class=\"wp-block-paragraph\">Mientras avanza el procedimiento, Jos\u00e9 Luis \u201cN\u201d permanecer\u00e1 en prisi\u00f3n preventiva. La resoluci\u00f3n final depender\u00e1 de las pruebas que se incorporen durante las distintas etapas del proceso.<\/p>\n\n\n\n<p class=\"wp-block-paragraph\">El homicidio con una espada que conmocion\u00f3 a la comunidad de San Bartolo ahora se encuentra en manos de las autoridades judiciales. La investigaci\u00f3n complementaria ser\u00e1 clave para definir el rumbo del caso.<\/p>\n\n\n\n<p class=\"wp-block-paragraph\"><strong><a href=\"https:\/\/www.tiktok.com\/@elotroenfoque?_r=1&amp;_t=ZS-97ffhW6kR1t\">Sigue tambi\u00e9n las noticias en TikTok<\/a><\/strong><\/p>\n\n\n\n<p class=\"wp-block-paragraph\"><\/p>\n","protected":false},"excerpt":{"rendered":"<p>Un homicidio con una espada ocurrido en Silao en abril de este a\u00f1o deriv\u00f3 en la captura y vinculaci\u00f3n a proceso de Jos\u00e9 Luis \u201cN\u201d. La Fiscal\u00eda General del Estado de Guanajuato lo se\u00f1ala como probable responsable. Los hechos ocurrieron durante la madrugada del 26 de abril, dentro de una bloquera ubicada en la avenida&#8230;<\/p>\n","protected":false},"author":4,"featured_media":195723,"comment_status":"closed","ping_status":"open","sticky":false,"template":"","format":"standard","meta":{"footnotes":""},"categories":[8],"tags":[13,4517],"class_list":["post-195722","post","type-post","status-publish","format-standard","has-post-thumbnail","hentry","category-desenfoques","tag-guanajuato","tag-noticias-guanajuato"],"yoast_head":"<!-- This site is optimized with the Yoast SEO plugin v28.2 - https:\/\/yoast.com\/product\/yoast-seo-wordpress\/ -->\n<title>Capturan en Silao a hombre acusado de matar a otro con una espada - El otro enfoque<\/title>\n<meta name=\"description\" content=\"Jos\u00e9 Luis \u201cN\u201d fue detenido y vinculado a proceso por un homicidio con una espada ocurrido en abril dentro de una bloquera de Silao.\" \/>\n<meta name=\"robots\" content=\"index, follow, max-snippet:-1, max-image-preview:large, max-video-preview:-1\" \/>\n<link rel=\"canonical\" href=\"https:\/\/elotroenfoque.mx\/index.php\/2026\/09\/05\/capturan-en-silao-a-hombre-acusado-de-matar-a-otro-con-una-espada\/\" \/>\n<meta property=\"og:locale\" content=\"es_MX\" \/>\n<meta property=\"og:type\" content=\"article\" \/>\n<meta property=\"og:title\" content=\"Capturan en Silao a hombre acusado de matar a otro con una espada - El otro enfoque\" \/>\n<meta property=\"og:description\" content=\"Jos\u00e9 Luis \u201cN\u201d fue detenido y vinculado a proceso por un homicidio con una espada ocurrido en abril dentro de una bloquera de Silao.\" \/>\n<meta property=\"og:url\" content=\"https:\/\/elotroenfoque.mx\/index.php\/2026\/09\/05\/capturan-en-silao-a-hombre-acusado-de-matar-a-otro-con-una-espada\/\" \/>\n<meta property=\"og:site_name\" content=\"El otro enfoque\" \/>\n<meta property=\"article:published_time\" content=\"2026-09-05T21:37:27+00:00\" \/>\n<meta property=\"article:modified_time\" content=\"2026-09-05T21:37:28+00:00\" \/>\n<meta property=\"og:image\" content=\"https:\/\/elotroenfoque.mx\/wp-content\/uploads\/2026\/09\/mata-a-hombre-con-espada.jpeg\" \/>\n\t<meta property=\"og:image:width\" content=\"1600\" \/>\n\t<meta property=\"og:image:height\" content=\"1126\" \/>\n\t<meta property=\"og:image:type\" content=\"image\/jpeg\" \/>\n<meta name=\"author\" content=\"Equipo Redaccion\" \/>\n<meta name=\"twitter:card\" content=\"summary_large_image\" \/>\n<meta name=\"twitter:label1\" content=\"Escrito por\" \/>\n\t<meta name=\"twitter:data1\" content=\"Equipo Redaccion\" \/>\n\t<meta name=\"twitter:label2\" content=\"Tiempo de lectura\" \/>\n\t<meta name=\"twitter:data2\" content=\"3 minutos\" \/>\n<script type=\"application\/ld+json\" class=\"yoast-schema-graph\">{\"@context\":\"https:\\\/\\\/schema.org\",\"@graph\":[{\"@type\":\"Article\",\"@id\":\"https:\\\/\\\/elotroenfoque.mx\\\/index.php\\\/2026\\\/09\\\/05\\\/capturan-en-silao-a-hombre-acusado-de-matar-a-otro-con-una-espada\\\/#article\",\"isPartOf\":{\"@id\":\"https:\\\/\\\/elotroenfoque.mx\\\/index.php\\\/2026\\\/09\\\/05\\\/capturan-en-silao-a-hombre-acusado-de-matar-a-otro-con-una-espada\\\/\"},\"author\":{\"name\":\"Equipo Redaccion\",\"@id\":\"https:\\\/\\\/elotroenfoque.mx\\\/#\\\/schema\\\/person\\\/8eb322f84d0bd9f337e462905519a1ae\"},\"headline\":\"Capturan en Silao a hombre acusado de matar a otro con una espada\",\"datePublished\":\"2026-09-05T21:37:27+00:00\",\"dateModified\":\"2026-09-05T21:37:28+00:00\",\"mainEntityOfPage\":{\"@id\":\"https:\\\/\\\/elotroenfoque.mx\\\/index.php\\\/2026\\\/09\\\/05\\\/capturan-en-silao-a-hombre-acusado-de-matar-a-otro-con-una-espada\\\/\"},\"wordCount\":664,\"image\":{\"@id\":\"https:\\\/\\\/elotroenfoque.mx\\\/index.php\\\/2026\\\/09\\\/05\\\/capturan-en-silao-a-hombre-acusado-de-matar-a-otro-con-una-espada\\\/#primaryimage\"},\"thumbnailUrl\":\"https:\\\/\\\/elotroenfoque.mx\\\/wp-content\\\/uploads\\\/2026\\\/09\\\/mata-a-hombre-con-espada.jpeg\",\"keywords\":[\"Guanajuato\",\"Noticias Guanajuato\"],\"articleSection\":[\"Desenfoques\"],\"inLanguage\":\"es\"},{\"@type\":\"WebPage\",\"@id\":\"https:\\\/\\\/elotroenfoque.mx\\\/index.php\\\/2026\\\/09\\\/05\\\/capturan-en-silao-a-hombre-acusado-de-matar-a-otro-con-una-espada\\\/\",\"url\":\"https:\\\/\\\/elotroenfoque.mx\\\/index.php\\\/2026\\\/09\\\/05\\\/capturan-en-silao-a-hombre-acusado-de-matar-a-otro-con-una-espada\\\/\",\"name\":\"Capturan en Silao a hombre acusado de matar a otro con una espada - El otro enfoque\",\"isPartOf\":{\"@id\":\"https:\\\/\\\/elotroenfoque.mx\\\/#website\"},\"primaryImageOfPage\":{\"@id\":\"https:\\\/\\\/elotroenfoque.mx\\\/index.php\\\/2026\\\/09\\\/05\\\/capturan-en-silao-a-hombre-acusado-de-matar-a-otro-con-una-espada\\\/#primaryimage\"},\"image\":{\"@id\":\"https:\\\/\\\/elotroenfoque.mx\\\/index.php\\\/2026\\\/09\\\/05\\\/capturan-en-silao-a-hombre-acusado-de-matar-a-otro-con-una-espada\\\/#primaryimage\"},\"thumbnailUrl\":\"https:\\\/\\\/elotroenfoque.mx\\\/wp-content\\\/uploads\\\/2026\\\/09\\\/mata-a-hombre-con-espada.jpeg\",\"datePublished\":\"2026-09-05T21:37:27+00:00\",\"dateModified\":\"2026-09-05T21:37:28+00:00\",\"author\":{\"@id\":\"https:\\\/\\\/elotroenfoque.mx\\\/#\\\/schema\\\/person\\\/8eb322f84d0bd9f337e462905519a1ae\"},\"description\":\"Jos\u00e9 Luis \u201cN\u201d fue detenido y vinculado a proceso por un homicidio con una espada ocurrido en abril dentro de una bloquera de Silao.\",\"breadcrumb\":{\"@id\":\"https:\\\/\\\/elotroenfoque.mx\\\/index.php\\\/2026\\\/09\\\/05\\\/capturan-en-silao-a-hombre-acusado-de-matar-a-otro-con-una-espada\\\/#breadcrumb\"},\"inLanguage\":\"es\",\"potentialAction\":[{\"@type\":\"ReadAction\",\"target\":[\"https:\\\/\\\/elotroenfoque.mx\\\/index.php\\\/2026\\\/09\\\/05\\\/capturan-en-silao-a-hombre-acusado-de-matar-a-otro-con-una-espada\\\/\"]}]},{\"@type\":\"ImageObject\",\"inLanguage\":\"es\",\"@id\":\"https:\\\/\\\/elotroenfoque.mx\\\/index.php\\\/2026\\\/09\\\/05\\\/capturan-en-silao-a-hombre-acusado-de-matar-a-otro-con-una-espada\\\/#primaryimage\",\"url\":\"https:\\\/\\\/elotroenfoque.mx\\\/wp-content\\\/uploads\\\/2026\\\/09\\\/mata-a-hombre-con-espada.jpeg\",\"contentUrl\":\"https:\\\/\\\/elotroenfoque.mx\\\/wp-content\\\/uploads\\\/2026\\\/09\\\/mata-a-hombre-con-espada.jpeg\",\"width\":1600,\"height\":1126},{\"@type\":\"BreadcrumbList\",\"@id\":\"https:\\\/\\\/elotroenfoque.mx\\\/index.php\\\/2026\\\/09\\\/05\\\/capturan-en-silao-a-hombre-acusado-de-matar-a-otro-con-una-espada\\\/#breadcrumb\",\"itemListElement\":[{\"@type\":\"ListItem\",\"position\":1,\"name\":\"Portada\",\"item\":\"https:\\\/\\\/elotroenfoque.mx\\\/\"},{\"@type\":\"ListItem\",\"position\":2,\"name\":\"Capturan en Silao a hombre acusado de matar a otro con una espada\"}]},{\"@type\":\"WebSite\",\"@id\":\"https:\\\/\\\/elotroenfoque.mx\\\/#website\",\"url\":\"https:\\\/\\\/elotroenfoque.mx\\\/\",\"name\":\"El otro enfoque\",\"description\":\"\",\"potentialAction\":[{\"@type\":\"SearchAction\",\"target\":{\"@type\":\"EntryPoint\",\"urlTemplate\":\"https:\\\/\\\/elotroenfoque.mx\\\/?s={search_term_string}\"},\"query-input\":{\"@type\":\"PropertyValueSpecification\",\"valueRequired\":true,\"valueName\":\"search_term_string\"}}],\"inLanguage\":\"es\"},{\"@type\":\"Person\",\"@id\":\"https:\\\/\\\/elotroenfoque.mx\\\/#\\\/schema\\\/person\\\/8eb322f84d0bd9f337e462905519a1ae\",\"name\":\"Equipo Redaccion\",\"image\":{\"@type\":\"ImageObject\",\"inLanguage\":\"es\",\"@id\":\"https:\\\/\\\/secure.gravatar.com\\\/avatar\\\/3579478e2b4e7aad364a32b26cf744b360ae0e581ee1cd0cb18a8f239ee49ac4?s=96&d=mm&r=g\",\"url\":\"https:\\\/\\\/secure.gravatar.com\\\/avatar\\\/3579478e2b4e7aad364a32b26cf744b360ae0e581ee1cd0cb18a8f239ee49ac4?s=96&d=mm&r=g\",\"contentUrl\":\"https:\\\/\\\/secure.gravatar.com\\\/avatar\\\/3579478e2b4e7aad364a32b26cf744b360ae0e581ee1cd0cb18a8f239ee49ac4?s=96&d=mm&r=g\",\"caption\":\"Equipo Redaccion\"},\"url\":\"https:\\\/\\\/elotroenfoque.mx\\\/index.php\\\/author\\\/redaccion\\\/\"}]}<\/script>\n<!-- \/ Yoast SEO plugin. -->","yoast_head_json":{"title":"Capturan en Silao a hombre acusado de matar a otro con una espada - El otro enfoque","description":"Jos\u00e9 Luis \u201cN\u201d fue detenido y vinculado a proceso por un homicidio con una espada ocurrido en abril dentro de una bloquera de Silao.","robots":{"index":"index","follow":"follow","max-snippet":"max-snippet:-1","max-image-preview":"max-image-preview:large","max-video-preview":"max-video-preview:-1"},"canonical":"https:\/\/elotroenfoque.mx\/index.php\/2026\/09\/05\/capturan-en-silao-a-hombre-acusado-de-matar-a-otro-con-una-espada\/","og_locale":"es_MX","og_type":"article","og_title":"Capturan en Silao a hombre acusado de matar a otro con una espada - El otro enfoque","og_description":"Jos\u00e9 Luis \u201cN\u201d fue detenido y vinculado a proceso por un homicidio con una espada ocurrido en abril dentro de una bloquera de Silao.","og_url":"https:\/\/elotroenfoque.mx\/index.php\/2026\/09\/05\/capturan-en-silao-a-hombre-acusado-de-matar-a-otro-con-una-espada\/","og_site_name":"El otro enfoque","article_published_time":"2026-09-05T21:37:27+00:00","article_modified_time":"2026-09-05T21:37:28+00:00","og_image":[{"width":1600,"height":1126,"url":"https:\/\/elotroenfoque.mx\/wp-content\/uploads\/2026\/09\/mata-a-hombre-con-espada.jpeg","type":"image\/jpeg"}],"author":"Equipo Redaccion","twitter_card":"summary_large_image","twitter_misc":{"Escrito por":"Equipo Redaccion","Tiempo de lectura":"3 minutos"},"schema":{"@context":"https:\/\/schema.org","@graph":[{"@type":"Article","@id":"https:\/\/elotroenfoque.mx\/index.php\/2026\/09\/05\/capturan-en-silao-a-hombre-acusado-de-matar-a-otro-con-una-espada\/#article","isPartOf":{"@id":"https:\/\/elotroenfoque.mx\/index.php\/2026\/09\/05\/capturan-en-silao-a-hombre-acusado-de-matar-a-otro-con-una-espada\/"},"author":{"name":"Equipo Redaccion","@id":"https:\/\/elotroenfoque.mx\/#\/schema\/person\/8eb322f84d0bd9f337e462905519a1ae"},"headline":"Capturan en Silao a hombre acusado de matar a otro con una espada","datePublished":"2026-09-05T21:37:27+00:00","dateModified":"2026-09-05T21:37:28+00:00","mainEntityOfPage":{"@id":"https:\/\/elotroenfoque.mx\/index.php\/2026\/09\/05\/capturan-en-silao-a-hombre-acusado-de-matar-a-otro-con-una-espada\/"},"wordCount":664,"image":{"@id":"https:\/\/elotroenfoque.mx\/index.php\/2026\/09\/05\/capturan-en-silao-a-hombre-acusado-de-matar-a-otro-con-una-espada\/#primaryimage"},"thumbnailUrl":"https:\/\/elotroenfoque.mx\/wp-content\/uploads\/2026\/09\/mata-a-hombre-con-espada.jpeg","keywords":["Guanajuato","Noticias Guanajuato"],"articleSection":["Desenfoques"],"inLanguage":"es"},{"@type":"WebPage","@id":"https:\/\/elotroenfoque.mx\/index.php\/2026\/09\/05\/capturan-en-silao-a-hombre-acusado-de-matar-a-otro-con-una-espada\/","url":"https:\/\/elotroenfoque.mx\/index.php\/2026\/09\/05\/capturan-en-silao-a-hombre-acusado-de-matar-a-otro-con-una-espada\/","name":"Capturan en Silao a hombre acusado de matar a otro con una espada - El otro enfoque","isPartOf":{"@id":"https:\/\/elotroenfoque.mx\/#website"},"primaryImageOfPage":{"@id":"https:\/\/elotroenfoque.mx\/index.php\/2026\/09\/05\/capturan-en-silao-a-hombre-acusado-de-matar-a-otro-con-una-espada\/#primaryimage"},"image":{"@id":"https:\/\/elotroenfoque.mx\/index.php\/2026\/09\/05\/capturan-en-silao-a-hombre-acusado-de-matar-a-otro-con-una-espada\/#primaryimage"},"thumbnailUrl":"https:\/\/elotroenfoque.mx\/wp-content\/uploads\/2026\/09\/mata-a-hombre-con-espada.jpeg","datePublished":"2026-09-05T21:37:27+00:00","dateModified":"2026-09-05T21:37:28+00:00","author":{"@id":"https:\/\/elotroenfoque.mx\/#\/schema\/person\/8eb322f84d0bd9f337e462905519a1ae"},"description":"Jos\u00e9 Luis \u201cN\u201d fue detenido y vinculado a proceso por un homicidio con una espada ocurrido en abril dentro de una bloquera de Silao.","breadcrumb":{"@id":"https:\/\/elotroenfoque.mx\/index.php\/2026\/09\/05\/capturan-en-silao-a-hombre-acusado-de-matar-a-otro-con-una-espada\/#breadcrumb"},"inLanguage":"es","potentialAction":[{"@type":"ReadAction","target":["https:\/\/elotroenfoque.mx\/index.php\/2026\/09\/05\/capturan-en-silao-a-hombre-acusado-de-matar-a-otro-con-una-espada\/"]}]},{"@type":"ImageObject","inLanguage":"es","@id":"https:\/\/elotroenfoque.mx\/index.php\/2026\/09\/05\/capturan-en-silao-a-hombre-acusado-de-matar-a-otro-con-una-espada\/#primaryimage","url":"https:\/\/elotroenfoque.mx\/wp-content\/uploads\/2026\/09\/mata-a-hombre-con-espada.jpeg","contentUrl":"https:\/\/elotroenfoque.mx\/wp-content\/uploads\/2026\/09\/mata-a-hombre-con-espada.jpeg","width":1600,"height":1126},{"@type":"BreadcrumbList","@id":"https:\/\/elotroenfoque.mx\/index.php\/2026\/09\/05\/capturan-en-silao-a-hombre-acusado-de-matar-a-otro-con-una-espada\/#breadcrumb","itemListElement":[{"@type":"ListItem","position":1,"name":"Portada","item":"https:\/\/elotroenfoque.mx\/"},{"@type":"ListItem","position":2,"name":"Capturan en Silao a hombre acusado de matar a otro con una espada"}]},{"@type":"WebSite","@id":"https:\/\/elotroenfoque.mx\/#website","url":"https:\/\/elotroenfoque.mx\/","name":"El otro enfoque","description":"","potentialAction":[{"@type":"SearchAction","target":{"@type":"EntryPoint","urlTemplate":"https:\/\/elotroenfoque.mx\/?s={search_term_string}"},"query-input":{"@type":"PropertyValueSpecification","valueRequired":true,"valueName":"search_term_string"}}],"inLanguage":"es"},{"@type":"Person","@id":"https:\/\/elotroenfoque.mx\/#\/schema\/person\/8eb322f84d0bd9f337e462905519a1ae","name":"Equipo Redaccion","image":{"@type":"ImageObject","inLanguage":"es","@id":"https:\/\/secure.gravatar.com\/avatar\/3579478e2b4e7aad364a32b26cf744b360ae0e581ee1cd0cb18a8f239ee49ac4?s=96&d=mm&r=g","url":"https:\/\/secure.gravatar.com\/avatar\/3579478e2b4e7aad364a32b26cf744b360ae0e581ee1cd0cb18a8f239ee49ac4?s=96&d=mm&r=g","contentUrl":"https:\/\/secure.gravatar.com\/avatar\/3579478e2b4e7aad364a32b26cf744b360ae0e581ee1cd0cb18a8f239ee49ac4?s=96&d=mm&r=g","caption":"Equipo Redaccion"},"url":"https:\/\/elotroenfoque.mx\/index.php\/author\/redaccion\/"}]}},"_links":{"self":[{"href":"https:\/\/elotroenfoque.mx\/index.php\/wp-json\/wp\/v2\/posts\/195722","targetHints":{"allow":["GET"]}}],"collection":[{"href":"https:\/\/elotroenfoque.mx\/index.php\/wp-json\/wp\/v2\/posts"}],"about":[{"href":"https:\/\/elotroenfoque.mx\/index.php\/wp-json\/wp\/v2\/types\/post"}],"author":[{"embeddable":true,"href":"https:\/\/elotroenfoque.mx\/index.php\/wp-json\/wp\/v2\/users\/4"}],"replies":[{"embeddable":true,"href":"https:\/\/elotroenfoque.mx\/index.php\/wp-json\/wp\/v2\/comments?post=195722"}],"version-history":[{"count":2,"href":"https:\/\/elotroenfoque.mx\/index.php\/wp-json\/wp\/v2\/posts\/195722\/revisions"}],"predecessor-version":[{"id":195732,"href":"https:\/\/elotroenfoque.mx\/index.php\/wp-json\/wp\/v2\/posts\/195722\/revisions\/195732"}],"wp:featuredmedia":[{"embeddable":true,"href":"https:\/\/elotroenfoque.mx\/index.php\/wp-json\/wp\/v2\/media\/195723"}],"wp:attachment":[{"href":"https:\/\/elotroenfoque.mx\/index.php\/wp-json\/wp\/v2\/media?parent=195722"}],"wp:term":[{"taxonomy":"category","embeddable":true,"href":"https:\/\/elotroenfoque.mx\/index.php\/wp-json\/wp\/v2\/categories?post=195722"},{"taxonomy":"post_tag","embeddable":true,"href":"https:\/\/elotroenfoque.mx\/index.php\/wp-json\/wp\/v2\/tags?post=195722"}],"curies":[{"name":"wp","href":"https:\/\/api.w.org\/{rel}","templated":true}]}}