{"id":195733,"date":"2026-09-05T16:38:44","date_gmt":"2026-09-05T22:38:44","guid":{"rendered":"https:\/\/elotroenfoque.mx\/?p=195733"},"modified":"2026-09-05T16:38:45","modified_gmt":"2026-09-05T22:38:45","slug":"busca-donald-trump-retirar-protecciones-al-lobo-mexicano","status":"publish","type":"post","link":"https:\/\/elotroenfoque.mx\/index.php\/2026\/09\/05\/busca-donald-trump-retirar-protecciones-al-lobo-mexicano\/","title":{"rendered":"Busca Donald Trump retirar protecciones al lobo mexicano"},"content":{"rendered":"\n<p class=\"wp-block-paragraph\">El presidente de Estados Unidos, Donald Trump, firm\u00f3 una orden ejecutiva para evaluar quitar protecciones al lobo mexicano y al lobo gris bajo la Ley de Especies en Peligro de Extinci\u00f3n. <\/p>\n\n\n\n<p class=\"wp-block-paragraph\">La disposici\u00f3n mandata al secretario del Interior a determinar en un plazo m\u00e1ximo de 90 d\u00edas si la especie mantiene los criterios biol\u00f3gicos de vulnerabilidad. Asimismo, el gobierno estadounidense justific\u00f3 la iniciativa como una respuesta directa a los reclamos del sector ganadero por supuestos ataques a su reba\u00f1o.<\/p>\n\n\n\n<p class=\"wp-block-paragraph\">La administraci\u00f3n federal busca reactivar una pol\u00edtica impulsada durante el primer mandato presidencial que posteriormente fue revertida por un mandato judicial. <\/p>\n\n\n\n<p class=\"wp-block-paragraph\">De igual forma, las autoridades norteamericanas pretenden reducir las restricciones de manejo sobre la fauna silvestre en los estados del oeste. Por su parte, agrupaciones ecologistas se\u00f1alaron que la p\u00e9rdida de ganado atribuible a depredadores representa un porcentaje m\u00ednimo frente a los efectos de las contingencias clim\u00e1ticas locales.<\/p>\n\n\n\n<p class=\"wp-block-paragraph\">Defensores del medio ambiente argumentaron que existen mecanismos de compensaci\u00f3n econ\u00f3mica y partidas presupuestales para respaldar a los rancheros afectados. <\/p>\n\n\n\n<p class=\"wp-block-paragraph\">Adem\u00e1s, los programas estatales financian medidas preventivas no letales como la remoci\u00f3n de cad\u00e1veres bovinos y la vigilancia activa durante el pastoreo. Igualmente, activistas internacionales destacaron que la prioridad legislativa deber\u00eda centrarse en mitigar los conflictos de convivencia en lugar de autorizar cacer\u00edas.<\/p>\n\n\n\n<p class=\"wp-block-paragraph\">Tambi\u00e9n lee: <strong><a href=\"https:\/\/elotroenfoque.mx\/index.php\/2026\/09\/05\/capturan-en-silao-a-hombre-acusado-de-matar-a-otro-con-una-espada\/\">Capturan en Silao a hombre acusado de matar a otro con una espada<\/a><\/strong><\/p>\n\n\n\n<p class=\"wp-block-paragraph\">Registros del Grand Canyon Wolf Recovery Project advierten que \u00fanicamente subsisten 317 ejemplares de lobo gris mexicano en h\u00e1bitat silvestre. <\/p>\n\n\n\n<p class=\"wp-block-paragraph\">Por este motivo, los bi\u00f3logos advirtieron que eliminar la cobertura legal pondr\u00eda en riesgo d\u00e9cadas de trabajo gen\u00e9tico y restauraci\u00f3n ecol\u00f3gica en la regi\u00f3n fronteriza. Del mismo modo, el Centro para la Conservaci\u00f3n del Lobo demand\u00f3 mayor financiamiento para estrategias de coexistencia duraderas entre la ganader\u00eda y la fauna nativa.<\/p>\n\n\n\n<p class=\"wp-block-paragraph\">Las organizaciones civiles analizan emprender acciones legales ante tribunales federales en caso de confirmarse la desprotecci\u00f3n de la especie. De igual manera, las agencias ambientales continuar\u00e1n recibiendo estudios t\u00e9cnicos para sustentar el dictamen final sobre la viabilidad del depredador.<\/p>\n\n\n\n<p class=\"wp-block-paragraph\"><strong><a href=\"https:\/\/www.tiktok.com\/@elotroenfoque?_r=1&amp;_t=ZS-97ffhW6kR1t\">Sigue tambi\u00e9n las noticias en TikTok<\/a><\/strong><\/p>\n\n\n\n<p class=\"wp-block-paragraph\"><\/p>\n","protected":false},"excerpt":{"rendered":"<p>El presidente de Estados Unidos, Donald Trump, firm\u00f3 una orden ejecutiva para evaluar quitar protecciones al lobo mexicano y al lobo gris bajo la Ley de Especies en Peligro de Extinci\u00f3n. La disposici\u00f3n mandata al secretario del Interior a determinar en un plazo m\u00e1ximo de 90 d\u00edas si la especie mantiene los criterios biol\u00f3gicos de&#8230;<\/p>\n","protected":false},"author":4,"featured_media":195734,"comment_status":"closed","ping_status":"open","sticky":false,"template":"","format":"standard","meta":{"footnotes":""},"categories":[11],"tags":[13,4517],"class_list":["post-195733","post","type-post","status-publish","format-standard","has-post-thumbnail","hentry","category-otrasnoticias","tag-guanajuato","tag-noticias-guanajuato"],"yoast_head":"<!-- This site is optimized with the Yoast SEO plugin v28.2 - https:\/\/yoast.com\/product\/yoast-seo-wordpress\/ -->\n<title>Busca Donald Trump retirar protecciones al lobo mexicano - El otro enfoque<\/title>\n<meta name=\"description\" content=\"Firm\u00f3 Donald Trump una orden para evaluar la quita de protecciones al lobo mexicano. Grupos ecologistas advierten un grave riesgo de extinci\u00f3n.\" \/>\n<meta name=\"robots\" content=\"index, follow, max-snippet:-1, max-image-preview:large, max-video-preview:-1\" \/>\n<link rel=\"canonical\" href=\"https:\/\/elotroenfoque.mx\/index.php\/2026\/09\/05\/busca-donald-trump-retirar-protecciones-al-lobo-mexicano\/\" \/>\n<meta property=\"og:locale\" content=\"es_MX\" \/>\n<meta property=\"og:type\" content=\"article\" \/>\n<meta property=\"og:title\" content=\"Busca Donald Trump retirar protecciones al lobo mexicano - El otro enfoque\" \/>\n<meta property=\"og:description\" content=\"Firm\u00f3 Donald Trump una orden para evaluar la quita de protecciones al lobo mexicano. Grupos ecologistas advierten un grave riesgo de extinci\u00f3n.\" \/>\n<meta property=\"og:url\" content=\"https:\/\/elotroenfoque.mx\/index.php\/2026\/09\/05\/busca-donald-trump-retirar-protecciones-al-lobo-mexicano\/\" \/>\n<meta property=\"og:site_name\" content=\"El otro enfoque\" \/>\n<meta property=\"article:published_time\" content=\"2026-09-05T22:38:44+00:00\" \/>\n<meta property=\"article:modified_time\" content=\"2026-09-05T22:38:45+00:00\" \/>\n<meta property=\"og:image\" content=\"https:\/\/elotroenfoque.mx\/wp-content\/uploads\/2026\/09\/lobo-mexicano.jpg\" \/>\n\t<meta property=\"og:image:width\" content=\"697\" \/>\n\t<meta property=\"og:image:height\" content=\"461\" \/>\n\t<meta property=\"og:image:type\" content=\"image\/jpeg\" \/>\n<meta name=\"author\" content=\"Equipo Redaccion\" \/>\n<meta name=\"twitter:card\" content=\"summary_large_image\" \/>\n<meta name=\"twitter:label1\" content=\"Escrito por\" \/>\n\t<meta name=\"twitter:data1\" content=\"Equipo Redaccion\" \/>\n\t<meta name=\"twitter:label2\" content=\"Tiempo de lectura\" \/>\n\t<meta name=\"twitter:data2\" content=\"2 minutos\" \/>\n<script type=\"application\/ld+json\" class=\"yoast-schema-graph\">{\"@context\":\"https:\\\/\\\/schema.org\",\"@graph\":[{\"@type\":\"Article\",\"@id\":\"https:\\\/\\\/elotroenfoque.mx\\\/index.php\\\/2026\\\/09\\\/05\\\/busca-donald-trump-retirar-protecciones-al-lobo-mexicano\\\/#article\",\"isPartOf\":{\"@id\":\"https:\\\/\\\/elotroenfoque.mx\\\/index.php\\\/2026\\\/09\\\/05\\\/busca-donald-trump-retirar-protecciones-al-lobo-mexicano\\\/\"},\"author\":{\"name\":\"Equipo Redaccion\",\"@id\":\"https:\\\/\\\/elotroenfoque.mx\\\/#\\\/schema\\\/person\\\/8eb322f84d0bd9f337e462905519a1ae\"},\"headline\":\"Busca Donald Trump retirar protecciones al lobo mexicano\",\"datePublished\":\"2026-09-05T22:38:44+00:00\",\"dateModified\":\"2026-09-05T22:38:45+00:00\",\"mainEntityOfPage\":{\"@id\":\"https:\\\/\\\/elotroenfoque.mx\\\/index.php\\\/2026\\\/09\\\/05\\\/busca-donald-trump-retirar-protecciones-al-lobo-mexicano\\\/\"},\"wordCount\":381,\"image\":{\"@id\":\"https:\\\/\\\/elotroenfoque.mx\\\/index.php\\\/2026\\\/09\\\/05\\\/busca-donald-trump-retirar-protecciones-al-lobo-mexicano\\\/#primaryimage\"},\"thumbnailUrl\":\"https:\\\/\\\/elotroenfoque.mx\\\/wp-content\\\/uploads\\\/2026\\\/09\\\/lobo-mexicano.jpg\",\"keywords\":[\"Guanajuato\",\"Noticias Guanajuato\"],\"articleSection\":[\"Otras Noticias\"],\"inLanguage\":\"es\"},{\"@type\":\"WebPage\",\"@id\":\"https:\\\/\\\/elotroenfoque.mx\\\/index.php\\\/2026\\\/09\\\/05\\\/busca-donald-trump-retirar-protecciones-al-lobo-mexicano\\\/\",\"url\":\"https:\\\/\\\/elotroenfoque.mx\\\/index.php\\\/2026\\\/09\\\/05\\\/busca-donald-trump-retirar-protecciones-al-lobo-mexicano\\\/\",\"name\":\"Busca Donald Trump retirar protecciones al lobo mexicano - El otro enfoque\",\"isPartOf\":{\"@id\":\"https:\\\/\\\/elotroenfoque.mx\\\/#website\"},\"primaryImageOfPage\":{\"@id\":\"https:\\\/\\\/elotroenfoque.mx\\\/index.php\\\/2026\\\/09\\\/05\\\/busca-donald-trump-retirar-protecciones-al-lobo-mexicano\\\/#primaryimage\"},\"image\":{\"@id\":\"https:\\\/\\\/elotroenfoque.mx\\\/index.php\\\/2026\\\/09\\\/05\\\/busca-donald-trump-retirar-protecciones-al-lobo-mexicano\\\/#primaryimage\"},\"thumbnailUrl\":\"https:\\\/\\\/elotroenfoque.mx\\\/wp-content\\\/uploads\\\/2026\\\/09\\\/lobo-mexicano.jpg\",\"datePublished\":\"2026-09-05T22:38:44+00:00\",\"dateModified\":\"2026-09-05T22:38:45+00:00\",\"author\":{\"@id\":\"https:\\\/\\\/elotroenfoque.mx\\\/#\\\/schema\\\/person\\\/8eb322f84d0bd9f337e462905519a1ae\"},\"description\":\"Firm\u00f3 Donald Trump una orden para evaluar la quita de protecciones al lobo mexicano. Grupos ecologistas advierten un grave riesgo de extinci\u00f3n.\",\"breadcrumb\":{\"@id\":\"https:\\\/\\\/elotroenfoque.mx\\\/index.php\\\/2026\\\/09\\\/05\\\/busca-donald-trump-retirar-protecciones-al-lobo-mexicano\\\/#breadcrumb\"},\"inLanguage\":\"es\",\"potentialAction\":[{\"@type\":\"ReadAction\",\"target\":[\"https:\\\/\\\/elotroenfoque.mx\\\/index.php\\\/2026\\\/09\\\/05\\\/busca-donald-trump-retirar-protecciones-al-lobo-mexicano\\\/\"]}]},{\"@type\":\"ImageObject\",\"inLanguage\":\"es\",\"@id\":\"https:\\\/\\\/elotroenfoque.mx\\\/index.php\\\/2026\\\/09\\\/05\\\/busca-donald-trump-retirar-protecciones-al-lobo-mexicano\\\/#primaryimage\",\"url\":\"https:\\\/\\\/elotroenfoque.mx\\\/wp-content\\\/uploads\\\/2026\\\/09\\\/lobo-mexicano.jpg\",\"contentUrl\":\"https:\\\/\\\/elotroenfoque.mx\\\/wp-content\\\/uploads\\\/2026\\\/09\\\/lobo-mexicano.jpg\",\"width\":697,\"height\":461},{\"@type\":\"BreadcrumbList\",\"@id\":\"https:\\\/\\\/elotroenfoque.mx\\\/index.php\\\/2026\\\/09\\\/05\\\/busca-donald-trump-retirar-protecciones-al-lobo-mexicano\\\/#breadcrumb\",\"itemListElement\":[{\"@type\":\"ListItem\",\"position\":1,\"name\":\"Portada\",\"item\":\"https:\\\/\\\/elotroenfoque.mx\\\/\"},{\"@type\":\"ListItem\",\"position\":2,\"name\":\"Busca Donald Trump retirar protecciones al lobo mexicano\"}]},{\"@type\":\"WebSite\",\"@id\":\"https:\\\/\\\/elotroenfoque.mx\\\/#website\",\"url\":\"https:\\\/\\\/elotroenfoque.mx\\\/\",\"name\":\"El otro enfoque\",\"description\":\"\",\"potentialAction\":[{\"@type\":\"SearchAction\",\"target\":{\"@type\":\"EntryPoint\",\"urlTemplate\":\"https:\\\/\\\/elotroenfoque.mx\\\/?s={search_term_string}\"},\"query-input\":{\"@type\":\"PropertyValueSpecification\",\"valueRequired\":true,\"valueName\":\"search_term_string\"}}],\"inLanguage\":\"es\"},{\"@type\":\"Person\",\"@id\":\"https:\\\/\\\/elotroenfoque.mx\\\/#\\\/schema\\\/person\\\/8eb322f84d0bd9f337e462905519a1ae\",\"name\":\"Equipo Redaccion\",\"image\":{\"@type\":\"ImageObject\",\"inLanguage\":\"es\",\"@id\":\"https:\\\/\\\/secure.gravatar.com\\\/avatar\\\/3579478e2b4e7aad364a32b26cf744b360ae0e581ee1cd0cb18a8f239ee49ac4?s=96&d=mm&r=g\",\"url\":\"https:\\\/\\\/secure.gravatar.com\\\/avatar\\\/3579478e2b4e7aad364a32b26cf744b360ae0e581ee1cd0cb18a8f239ee49ac4?s=96&d=mm&r=g\",\"contentUrl\":\"https:\\\/\\\/secure.gravatar.com\\\/avatar\\\/3579478e2b4e7aad364a32b26cf744b360ae0e581ee1cd0cb18a8f239ee49ac4?s=96&d=mm&r=g\",\"caption\":\"Equipo Redaccion\"},\"url\":\"https:\\\/\\\/elotroenfoque.mx\\\/index.php\\\/author\\\/redaccion\\\/\"}]}<\/script>\n<!-- \/ Yoast SEO plugin. -->","yoast_head_json":{"title":"Busca Donald Trump retirar protecciones al lobo mexicano - El otro enfoque","description":"Firm\u00f3 Donald Trump una orden para evaluar la quita de protecciones al lobo mexicano. Grupos ecologistas advierten un grave riesgo de extinci\u00f3n.","robots":{"index":"index","follow":"follow","max-snippet":"max-snippet:-1","max-image-preview":"max-image-preview:large","max-video-preview":"max-video-preview:-1"},"canonical":"https:\/\/elotroenfoque.mx\/index.php\/2026\/09\/05\/busca-donald-trump-retirar-protecciones-al-lobo-mexicano\/","og_locale":"es_MX","og_type":"article","og_title":"Busca Donald Trump retirar protecciones al lobo mexicano - El otro enfoque","og_description":"Firm\u00f3 Donald Trump una orden para evaluar la quita de protecciones al lobo mexicano. Grupos ecologistas advierten un grave riesgo de extinci\u00f3n.","og_url":"https:\/\/elotroenfoque.mx\/index.php\/2026\/09\/05\/busca-donald-trump-retirar-protecciones-al-lobo-mexicano\/","og_site_name":"El otro enfoque","article_published_time":"2026-09-05T22:38:44+00:00","article_modified_time":"2026-09-05T22:38:45+00:00","og_image":[{"width":697,"height":461,"url":"https:\/\/elotroenfoque.mx\/wp-content\/uploads\/2026\/09\/lobo-mexicano.jpg","type":"image\/jpeg"}],"author":"Equipo Redaccion","twitter_card":"summary_large_image","twitter_misc":{"Escrito por":"Equipo Redaccion","Tiempo de lectura":"2 minutos"},"schema":{"@context":"https:\/\/schema.org","@graph":[{"@type":"Article","@id":"https:\/\/elotroenfoque.mx\/index.php\/2026\/09\/05\/busca-donald-trump-retirar-protecciones-al-lobo-mexicano\/#article","isPartOf":{"@id":"https:\/\/elotroenfoque.mx\/index.php\/2026\/09\/05\/busca-donald-trump-retirar-protecciones-al-lobo-mexicano\/"},"author":{"name":"Equipo Redaccion","@id":"https:\/\/elotroenfoque.mx\/#\/schema\/person\/8eb322f84d0bd9f337e462905519a1ae"},"headline":"Busca Donald Trump retirar protecciones al lobo mexicano","datePublished":"2026-09-05T22:38:44+00:00","dateModified":"2026-09-05T22:38:45+00:00","mainEntityOfPage":{"@id":"https:\/\/elotroenfoque.mx\/index.php\/2026\/09\/05\/busca-donald-trump-retirar-protecciones-al-lobo-mexicano\/"},"wordCount":381,"image":{"@id":"https:\/\/elotroenfoque.mx\/index.php\/2026\/09\/05\/busca-donald-trump-retirar-protecciones-al-lobo-mexicano\/#primaryimage"},"thumbnailUrl":"https:\/\/elotroenfoque.mx\/wp-content\/uploads\/2026\/09\/lobo-mexicano.jpg","keywords":["Guanajuato","Noticias Guanajuato"],"articleSection":["Otras Noticias"],"inLanguage":"es"},{"@type":"WebPage","@id":"https:\/\/elotroenfoque.mx\/index.php\/2026\/09\/05\/busca-donald-trump-retirar-protecciones-al-lobo-mexicano\/","url":"https:\/\/elotroenfoque.mx\/index.php\/2026\/09\/05\/busca-donald-trump-retirar-protecciones-al-lobo-mexicano\/","name":"Busca Donald Trump retirar protecciones al lobo mexicano - El otro enfoque","isPartOf":{"@id":"https:\/\/elotroenfoque.mx\/#website"},"primaryImageOfPage":{"@id":"https:\/\/elotroenfoque.mx\/index.php\/2026\/09\/05\/busca-donald-trump-retirar-protecciones-al-lobo-mexicano\/#primaryimage"},"image":{"@id":"https:\/\/elotroenfoque.mx\/index.php\/2026\/09\/05\/busca-donald-trump-retirar-protecciones-al-lobo-mexicano\/#primaryimage"},"thumbnailUrl":"https:\/\/elotroenfoque.mx\/wp-content\/uploads\/2026\/09\/lobo-mexicano.jpg","datePublished":"2026-09-05T22:38:44+00:00","dateModified":"2026-09-05T22:38:45+00:00","author":{"@id":"https:\/\/elotroenfoque.mx\/#\/schema\/person\/8eb322f84d0bd9f337e462905519a1ae"},"description":"Firm\u00f3 Donald Trump una orden para evaluar la quita de protecciones al lobo mexicano. Grupos ecologistas advierten un grave riesgo de extinci\u00f3n.","breadcrumb":{"@id":"https:\/\/elotroenfoque.mx\/index.php\/2026\/09\/05\/busca-donald-trump-retirar-protecciones-al-lobo-mexicano\/#breadcrumb"},"inLanguage":"es","potentialAction":[{"@type":"ReadAction","target":["https:\/\/elotroenfoque.mx\/index.php\/2026\/09\/05\/busca-donald-trump-retirar-protecciones-al-lobo-mexicano\/"]}]},{"@type":"ImageObject","inLanguage":"es","@id":"https:\/\/elotroenfoque.mx\/index.php\/2026\/09\/05\/busca-donald-trump-retirar-protecciones-al-lobo-mexicano\/#primaryimage","url":"https:\/\/elotroenfoque.mx\/wp-content\/uploads\/2026\/09\/lobo-mexicano.jpg","contentUrl":"https:\/\/elotroenfoque.mx\/wp-content\/uploads\/2026\/09\/lobo-mexicano.jpg","width":697,"height":461},{"@type":"BreadcrumbList","@id":"https:\/\/elotroenfoque.mx\/index.php\/2026\/09\/05\/busca-donald-trump-retirar-protecciones-al-lobo-mexicano\/#breadcrumb","itemListElement":[{"@type":"ListItem","position":1,"name":"Portada","item":"https:\/\/elotroenfoque.mx\/"},{"@type":"ListItem","position":2,"name":"Busca Donald Trump retirar protecciones al lobo mexicano"}]},{"@type":"WebSite","@id":"https:\/\/elotroenfoque.mx\/#website","url":"https:\/\/elotroenfoque.mx\/","name":"El otro enfoque","description":"","potentialAction":[{"@type":"SearchAction","target":{"@type":"EntryPoint","urlTemplate":"https:\/\/elotroenfoque.mx\/?s={search_term_string}"},"query-input":{"@type":"PropertyValueSpecification","valueRequired":true,"valueName":"search_term_string"}}],"inLanguage":"es"},{"@type":"Person","@id":"https:\/\/elotroenfoque.mx\/#\/schema\/person\/8eb322f84d0bd9f337e462905519a1ae","name":"Equipo Redaccion","image":{"@type":"ImageObject","inLanguage":"es","@id":"https:\/\/secure.gravatar.com\/avatar\/3579478e2b4e7aad364a32b26cf744b360ae0e581ee1cd0cb18a8f239ee49ac4?s=96&d=mm&r=g","url":"https:\/\/secure.gravatar.com\/avatar\/3579478e2b4e7aad364a32b26cf744b360ae0e581ee1cd0cb18a8f239ee49ac4?s=96&d=mm&r=g","contentUrl":"https:\/\/secure.gravatar.com\/avatar\/3579478e2b4e7aad364a32b26cf744b360ae0e581ee1cd0cb18a8f239ee49ac4?s=96&d=mm&r=g","caption":"Equipo Redaccion"},"url":"https:\/\/elotroenfoque.mx\/index.php\/author\/redaccion\/"}]}},"_links":{"self":[{"href":"https:\/\/elotroenfoque.mx\/index.php\/wp-json\/wp\/v2\/posts\/195733","targetHints":{"allow":["GET"]}}],"collection":[{"href":"https:\/\/elotroenfoque.mx\/index.php\/wp-json\/wp\/v2\/posts"}],"about":[{"href":"https:\/\/elotroenfoque.mx\/index.php\/wp-json\/wp\/v2\/types\/post"}],"author":[{"embeddable":true,"href":"https:\/\/elotroenfoque.mx\/index.php\/wp-json\/wp\/v2\/users\/4"}],"replies":[{"embeddable":true,"href":"https:\/\/elotroenfoque.mx\/index.php\/wp-json\/wp\/v2\/comments?post=195733"}],"version-history":[{"count":1,"href":"https:\/\/elotroenfoque.mx\/index.php\/wp-json\/wp\/v2\/posts\/195733\/revisions"}],"predecessor-version":[{"id":195735,"href":"https:\/\/elotroenfoque.mx\/index.php\/wp-json\/wp\/v2\/posts\/195733\/revisions\/195735"}],"wp:featuredmedia":[{"embeddable":true,"href":"https:\/\/elotroenfoque.mx\/index.php\/wp-json\/wp\/v2\/media\/195734"}],"wp:attachment":[{"href":"https:\/\/elotroenfoque.mx\/index.php\/wp-json\/wp\/v2\/media?parent=195733"}],"wp:term":[{"taxonomy":"category","embeddable":true,"href":"https:\/\/elotroenfoque.mx\/index.php\/wp-json\/wp\/v2\/categories?post=195733"},{"taxonomy":"post_tag","embeddable":true,"href":"https:\/\/elotroenfoque.mx\/index.php\/wp-json\/wp\/v2\/tags?post=195733"}],"curies":[{"name":"wp","href":"https:\/\/api.w.org\/{rel}","templated":true}]}}