{"id":195738,"date":"2026-09-05T18:30:00","date_gmt":"2026-09-06T00:30:00","guid":{"rendered":"https:\/\/elotroenfoque.mx\/?p=195738"},"modified":"2026-09-05T18:34:52","modified_gmt":"2026-09-06T00:34:52","slug":"critica-presidenta-reunion-fox-alito-durante-gira-en-colima","status":"publish","type":"post","link":"https:\/\/elotroenfoque.mx\/index.php\/2026\/09\/05\/critica-presidenta-reunion-fox-alito-durante-gira-en-colima\/","title":{"rendered":"Critica Presidenta reuni\u00f3n Fox-Alito durante gira en Colima"},"content":{"rendered":"\n<p class=\"wp-block-paragraph\">La presidenta Claudia Sheinbaum arremeti\u00f3 en Colima contra la reciente reuni\u00f3n mantenida entre el exmandatario Vicente Fox y el dirigente nacional del PRI, Alejandro &#8216;Alito&#8217; Moreno. <\/p>\n\n\n\n<p class=\"wp-block-paragraph\">Durante una asamblea informativa realizada este s\u00e1bado, la titular del Ejecutivo afirm\u00f3 que dicho acercamiento busca restaurar el modelo pol\u00edtico de privilegios de los sexenios pasados. Asimismo, la mandataria contrapuso las pol\u00edticas sociales actuales frente al desempe\u00f1o econ\u00f3mico de las administraciones anteriores.<\/p>\n\n\n\n<p class=\"wp-block-paragraph\">La presidenta repas\u00f3 los acontecimientos de los gobiernos del denominado periodo neoliberal para se\u00f1alar las consecuencias presupuestales en la econom\u00eda popular. <\/p>\n\n\n\n<p class=\"wp-block-paragraph\">De igual forma, la jefa del Ejecutivo responsabiliz\u00f3 a los liderazgos opositores de haber promovido la privatizaci\u00f3n de empresas p\u00fablicas y distorsionar el gasto social. Por su parte, los asistentes respaldaron los cuestionamientos vertidos sobre la estrategia pol\u00edtica desplegada por los partidos de oposici\u00f3n.<\/p>\n\n\n\n<p class=\"wp-block-paragraph\">Un grupo de manifestantes irrumpi\u00f3 con pancartas de protesta contra las obras de ampliaci\u00f3n en el puerto de Manzanillo durante el desarrollo del evento. <\/p>\n\n\n\n<p class=\"wp-block-paragraph\">Ante los reclamos, la mandataria descart\u00f3 caer en provocaciones y acus\u00f3 que las movilizaciones violentas responden a intereses partidistas infiltrados. Adem\u00e1s, la presidenta ofreci\u00f3 canalizar las inconformidades hacia mesas de di\u00e1logo al t\u00e9rmino de la reuni\u00f3n para evaluar los impactos de la obra.<\/p>\n\n\n\n<p class=\"wp-block-paragraph\">Tambi\u00e9n lee: <strong><a href=\"https:\/\/elotroenfoque.mx\/index.php\/2026\/09\/05\/sheinbaum-reestructura-deuda-de-pemex-quedara-pagada-hasta-2033\/\">Sheinbaum reestructura deuda de Pemex; quedar\u00e1 pagada hasta 2033<\/a><\/strong><\/p>\n\n\n\n<p class=\"wp-block-paragraph\">La titular del Ejecutivo defendi\u00f3 la iniciativa enviada al Congreso para prohibir la doble nacionalidad a quien aspire a la presidencia. En este sentido, la funcionaria sostuvo que la lealtad de la persona al frente del Estado debe ser exclusiva para la soberan\u00eda nacional. <\/p>\n\n\n\n<p class=\"wp-block-paragraph\">Igualmente, la mandataria someti\u00f3 la propuesta a una votaci\u00f3n simb\u00f3lica a mano alzada entre los militantes para validar el respaldo popular.<\/p>\n\n\n\n<p class=\"wp-block-paragraph\">La administraci\u00f3n federal mantendr\u00e1 la gira nacional para presentar los balances de gobierno y supervisar los avances de las obras prioritarias en el pac\u00edfico. De igual manera, la presidencia continuar\u00e1 promoviendo las reformas constitucionales enviadas al Poder Legislativo en los pr\u00f3ximos periodos de sesiones.<\/p>\n\n\n\n<p class=\"wp-block-paragraph\"><strong><a href=\"https:\/\/www.tiktok.com\/@elotroenfoque?_r=1&amp;_t=ZS-97ffhW6kR1t\">Sigue tambi\u00e9n las noticias en TikTok<\/a><\/strong><\/p>\n\n\n\n<p class=\"wp-block-paragraph\"><\/p>\n","protected":false},"excerpt":{"rendered":"<p>La presidenta Claudia Sheinbaum arremeti\u00f3 en Colima contra la reciente reuni\u00f3n mantenida entre el exmandatario Vicente Fox y el dirigente nacional del PRI, Alejandro &#8216;Alito&#8217; Moreno. Durante una asamblea informativa realizada este s\u00e1bado, la titular del Ejecutivo afirm\u00f3 que dicho acercamiento busca restaurar el modelo pol\u00edtico de privilegios de los sexenios pasados. Asimismo, la mandataria&#8230;<\/p>\n","protected":false},"author":4,"featured_media":195739,"comment_status":"closed","ping_status":"open","sticky":false,"template":"","format":"standard","meta":{"footnotes":""},"categories":[11],"tags":[13,4517],"class_list":["post-195738","post","type-post","status-publish","format-standard","has-post-thumbnail","hentry","category-otrasnoticias","tag-guanajuato","tag-noticias-guanajuato"],"yoast_head":"<!-- This site is optimized with the Yoast SEO plugin v28.2 - https:\/\/yoast.com\/product\/yoast-seo-wordpress\/ -->\n<title>Critica Presidenta reuni\u00f3n Fox-Alito durante gira en Colima - El otro enfoque<\/title>\n<meta name=\"description\" content=\"Arremete la presidenta Sheinbaum en Colima contra el encuentro de Fox y Alito Moreno. Defiende tambi\u00e9n su iniciativa de nacionalidad para presidentes.\" \/>\n<meta name=\"robots\" content=\"index, follow, max-snippet:-1, max-image-preview:large, max-video-preview:-1\" \/>\n<link rel=\"canonical\" href=\"https:\/\/elotroenfoque.mx\/index.php\/2026\/09\/05\/critica-presidenta-reunion-fox-alito-durante-gira-en-colima\/\" \/>\n<meta property=\"og:locale\" content=\"es_MX\" \/>\n<meta property=\"og:type\" content=\"article\" \/>\n<meta property=\"og:title\" content=\"Critica Presidenta reuni\u00f3n Fox-Alito durante gira en Colima - El otro enfoque\" \/>\n<meta property=\"og:description\" content=\"Arremete la presidenta Sheinbaum en Colima contra el encuentro de Fox y Alito Moreno. Defiende tambi\u00e9n su iniciativa de nacionalidad para presidentes.\" \/>\n<meta property=\"og:url\" content=\"https:\/\/elotroenfoque.mx\/index.php\/2026\/09\/05\/critica-presidenta-reunion-fox-alito-durante-gira-en-colima\/\" \/>\n<meta property=\"og:site_name\" content=\"El otro enfoque\" \/>\n<meta property=\"article:published_time\" content=\"2026-09-06T00:30:00+00:00\" \/>\n<meta property=\"article:modified_time\" content=\"2026-09-06T00:34:52+00:00\" \/>\n<meta property=\"og:image\" content=\"https:\/\/elotroenfoque.mx\/wp-content\/uploads\/2026\/09\/claudita-critica-a-fox-y-a-alito.jpg\" \/>\n\t<meta property=\"og:image:width\" content=\"930\" \/>\n\t<meta property=\"og:image:height\" content=\"519\" \/>\n\t<meta property=\"og:image:type\" content=\"image\/jpeg\" \/>\n<meta name=\"author\" content=\"Equipo Redaccion\" \/>\n<meta name=\"twitter:card\" content=\"summary_large_image\" \/>\n<meta name=\"twitter:label1\" content=\"Escrito por\" \/>\n\t<meta name=\"twitter:data1\" content=\"Equipo Redaccion\" \/>\n\t<meta name=\"twitter:label2\" content=\"Tiempo de lectura\" \/>\n\t<meta name=\"twitter:data2\" content=\"2 minutos\" \/>\n<script type=\"application\/ld+json\" class=\"yoast-schema-graph\">{\"@context\":\"https:\\\/\\\/schema.org\",\"@graph\":[{\"@type\":\"Article\",\"@id\":\"https:\\\/\\\/elotroenfoque.mx\\\/index.php\\\/2026\\\/09\\\/05\\\/critica-presidenta-reunion-fox-alito-durante-gira-en-colima\\\/#article\",\"isPartOf\":{\"@id\":\"https:\\\/\\\/elotroenfoque.mx\\\/index.php\\\/2026\\\/09\\\/05\\\/critica-presidenta-reunion-fox-alito-durante-gira-en-colima\\\/\"},\"author\":{\"name\":\"Equipo Redaccion\",\"@id\":\"https:\\\/\\\/elotroenfoque.mx\\\/#\\\/schema\\\/person\\\/8eb322f84d0bd9f337e462905519a1ae\"},\"headline\":\"Critica Presidenta reuni\u00f3n Fox-Alito durante gira en Colima\",\"datePublished\":\"2026-09-06T00:30:00+00:00\",\"dateModified\":\"2026-09-06T00:34:52+00:00\",\"mainEntityOfPage\":{\"@id\":\"https:\\\/\\\/elotroenfoque.mx\\\/index.php\\\/2026\\\/09\\\/05\\\/critica-presidenta-reunion-fox-alito-durante-gira-en-colima\\\/\"},\"wordCount\":359,\"image\":{\"@id\":\"https:\\\/\\\/elotroenfoque.mx\\\/index.php\\\/2026\\\/09\\\/05\\\/critica-presidenta-reunion-fox-alito-durante-gira-en-colima\\\/#primaryimage\"},\"thumbnailUrl\":\"https:\\\/\\\/elotroenfoque.mx\\\/wp-content\\\/uploads\\\/2026\\\/09\\\/claudita-critica-a-fox-y-a-alito.jpg\",\"keywords\":[\"Guanajuato\",\"Noticias Guanajuato\"],\"articleSection\":[\"Otras Noticias\"],\"inLanguage\":\"es\"},{\"@type\":\"WebPage\",\"@id\":\"https:\\\/\\\/elotroenfoque.mx\\\/index.php\\\/2026\\\/09\\\/05\\\/critica-presidenta-reunion-fox-alito-durante-gira-en-colima\\\/\",\"url\":\"https:\\\/\\\/elotroenfoque.mx\\\/index.php\\\/2026\\\/09\\\/05\\\/critica-presidenta-reunion-fox-alito-durante-gira-en-colima\\\/\",\"name\":\"Critica Presidenta reuni\u00f3n Fox-Alito durante gira en Colima - El otro enfoque\",\"isPartOf\":{\"@id\":\"https:\\\/\\\/elotroenfoque.mx\\\/#website\"},\"primaryImageOfPage\":{\"@id\":\"https:\\\/\\\/elotroenfoque.mx\\\/index.php\\\/2026\\\/09\\\/05\\\/critica-presidenta-reunion-fox-alito-durante-gira-en-colima\\\/#primaryimage\"},\"image\":{\"@id\":\"https:\\\/\\\/elotroenfoque.mx\\\/index.php\\\/2026\\\/09\\\/05\\\/critica-presidenta-reunion-fox-alito-durante-gira-en-colima\\\/#primaryimage\"},\"thumbnailUrl\":\"https:\\\/\\\/elotroenfoque.mx\\\/wp-content\\\/uploads\\\/2026\\\/09\\\/claudita-critica-a-fox-y-a-alito.jpg\",\"datePublished\":\"2026-09-06T00:30:00+00:00\",\"dateModified\":\"2026-09-06T00:34:52+00:00\",\"author\":{\"@id\":\"https:\\\/\\\/elotroenfoque.mx\\\/#\\\/schema\\\/person\\\/8eb322f84d0bd9f337e462905519a1ae\"},\"description\":\"Arremete la presidenta Sheinbaum en Colima contra el encuentro de Fox y Alito Moreno. Defiende tambi\u00e9n su iniciativa de nacionalidad para presidentes.\",\"breadcrumb\":{\"@id\":\"https:\\\/\\\/elotroenfoque.mx\\\/index.php\\\/2026\\\/09\\\/05\\\/critica-presidenta-reunion-fox-alito-durante-gira-en-colima\\\/#breadcrumb\"},\"inLanguage\":\"es\",\"potentialAction\":[{\"@type\":\"ReadAction\",\"target\":[\"https:\\\/\\\/elotroenfoque.mx\\\/index.php\\\/2026\\\/09\\\/05\\\/critica-presidenta-reunion-fox-alito-durante-gira-en-colima\\\/\"]}]},{\"@type\":\"ImageObject\",\"inLanguage\":\"es\",\"@id\":\"https:\\\/\\\/elotroenfoque.mx\\\/index.php\\\/2026\\\/09\\\/05\\\/critica-presidenta-reunion-fox-alito-durante-gira-en-colima\\\/#primaryimage\",\"url\":\"https:\\\/\\\/elotroenfoque.mx\\\/wp-content\\\/uploads\\\/2026\\\/09\\\/claudita-critica-a-fox-y-a-alito.jpg\",\"contentUrl\":\"https:\\\/\\\/elotroenfoque.mx\\\/wp-content\\\/uploads\\\/2026\\\/09\\\/claudita-critica-a-fox-y-a-alito.jpg\",\"width\":930,\"height\":519},{\"@type\":\"BreadcrumbList\",\"@id\":\"https:\\\/\\\/elotroenfoque.mx\\\/index.php\\\/2026\\\/09\\\/05\\\/critica-presidenta-reunion-fox-alito-durante-gira-en-colima\\\/#breadcrumb\",\"itemListElement\":[{\"@type\":\"ListItem\",\"position\":1,\"name\":\"Portada\",\"item\":\"https:\\\/\\\/elotroenfoque.mx\\\/\"},{\"@type\":\"ListItem\",\"position\":2,\"name\":\"Critica Presidenta reuni\u00f3n Fox-Alito durante gira en Colima\"}]},{\"@type\":\"WebSite\",\"@id\":\"https:\\\/\\\/elotroenfoque.mx\\\/#website\",\"url\":\"https:\\\/\\\/elotroenfoque.mx\\\/\",\"name\":\"El otro enfoque\",\"description\":\"\",\"potentialAction\":[{\"@type\":\"SearchAction\",\"target\":{\"@type\":\"EntryPoint\",\"urlTemplate\":\"https:\\\/\\\/elotroenfoque.mx\\\/?s={search_term_string}\"},\"query-input\":{\"@type\":\"PropertyValueSpecification\",\"valueRequired\":true,\"valueName\":\"search_term_string\"}}],\"inLanguage\":\"es\"},{\"@type\":\"Person\",\"@id\":\"https:\\\/\\\/elotroenfoque.mx\\\/#\\\/schema\\\/person\\\/8eb322f84d0bd9f337e462905519a1ae\",\"name\":\"Equipo Redaccion\",\"image\":{\"@type\":\"ImageObject\",\"inLanguage\":\"es\",\"@id\":\"https:\\\/\\\/secure.gravatar.com\\\/avatar\\\/3579478e2b4e7aad364a32b26cf744b360ae0e581ee1cd0cb18a8f239ee49ac4?s=96&d=mm&r=g\",\"url\":\"https:\\\/\\\/secure.gravatar.com\\\/avatar\\\/3579478e2b4e7aad364a32b26cf744b360ae0e581ee1cd0cb18a8f239ee49ac4?s=96&d=mm&r=g\",\"contentUrl\":\"https:\\\/\\\/secure.gravatar.com\\\/avatar\\\/3579478e2b4e7aad364a32b26cf744b360ae0e581ee1cd0cb18a8f239ee49ac4?s=96&d=mm&r=g\",\"caption\":\"Equipo Redaccion\"},\"url\":\"https:\\\/\\\/elotroenfoque.mx\\\/index.php\\\/author\\\/redaccion\\\/\"}]}<\/script>\n<!-- \/ Yoast SEO plugin. -->","yoast_head_json":{"title":"Critica Presidenta reuni\u00f3n Fox-Alito durante gira en Colima - El otro enfoque","description":"Arremete la presidenta Sheinbaum en Colima contra el encuentro de Fox y Alito Moreno. Defiende tambi\u00e9n su iniciativa de nacionalidad para presidentes.","robots":{"index":"index","follow":"follow","max-snippet":"max-snippet:-1","max-image-preview":"max-image-preview:large","max-video-preview":"max-video-preview:-1"},"canonical":"https:\/\/elotroenfoque.mx\/index.php\/2026\/09\/05\/critica-presidenta-reunion-fox-alito-durante-gira-en-colima\/","og_locale":"es_MX","og_type":"article","og_title":"Critica Presidenta reuni\u00f3n Fox-Alito durante gira en Colima - El otro enfoque","og_description":"Arremete la presidenta Sheinbaum en Colima contra el encuentro de Fox y Alito Moreno. Defiende tambi\u00e9n su iniciativa de nacionalidad para presidentes.","og_url":"https:\/\/elotroenfoque.mx\/index.php\/2026\/09\/05\/critica-presidenta-reunion-fox-alito-durante-gira-en-colima\/","og_site_name":"El otro enfoque","article_published_time":"2026-09-06T00:30:00+00:00","article_modified_time":"2026-09-06T00:34:52+00:00","og_image":[{"width":930,"height":519,"url":"https:\/\/elotroenfoque.mx\/wp-content\/uploads\/2026\/09\/claudita-critica-a-fox-y-a-alito.jpg","type":"image\/jpeg"}],"author":"Equipo Redaccion","twitter_card":"summary_large_image","twitter_misc":{"Escrito por":"Equipo Redaccion","Tiempo de lectura":"2 minutos"},"schema":{"@context":"https:\/\/schema.org","@graph":[{"@type":"Article","@id":"https:\/\/elotroenfoque.mx\/index.php\/2026\/09\/05\/critica-presidenta-reunion-fox-alito-durante-gira-en-colima\/#article","isPartOf":{"@id":"https:\/\/elotroenfoque.mx\/index.php\/2026\/09\/05\/critica-presidenta-reunion-fox-alito-durante-gira-en-colima\/"},"author":{"name":"Equipo Redaccion","@id":"https:\/\/elotroenfoque.mx\/#\/schema\/person\/8eb322f84d0bd9f337e462905519a1ae"},"headline":"Critica Presidenta reuni\u00f3n Fox-Alito durante gira en Colima","datePublished":"2026-09-06T00:30:00+00:00","dateModified":"2026-09-06T00:34:52+00:00","mainEntityOfPage":{"@id":"https:\/\/elotroenfoque.mx\/index.php\/2026\/09\/05\/critica-presidenta-reunion-fox-alito-durante-gira-en-colima\/"},"wordCount":359,"image":{"@id":"https:\/\/elotroenfoque.mx\/index.php\/2026\/09\/05\/critica-presidenta-reunion-fox-alito-durante-gira-en-colima\/#primaryimage"},"thumbnailUrl":"https:\/\/elotroenfoque.mx\/wp-content\/uploads\/2026\/09\/claudita-critica-a-fox-y-a-alito.jpg","keywords":["Guanajuato","Noticias Guanajuato"],"articleSection":["Otras Noticias"],"inLanguage":"es"},{"@type":"WebPage","@id":"https:\/\/elotroenfoque.mx\/index.php\/2026\/09\/05\/critica-presidenta-reunion-fox-alito-durante-gira-en-colima\/","url":"https:\/\/elotroenfoque.mx\/index.php\/2026\/09\/05\/critica-presidenta-reunion-fox-alito-durante-gira-en-colima\/","name":"Critica Presidenta reuni\u00f3n Fox-Alito durante gira en Colima - El otro enfoque","isPartOf":{"@id":"https:\/\/elotroenfoque.mx\/#website"},"primaryImageOfPage":{"@id":"https:\/\/elotroenfoque.mx\/index.php\/2026\/09\/05\/critica-presidenta-reunion-fox-alito-durante-gira-en-colima\/#primaryimage"},"image":{"@id":"https:\/\/elotroenfoque.mx\/index.php\/2026\/09\/05\/critica-presidenta-reunion-fox-alito-durante-gira-en-colima\/#primaryimage"},"thumbnailUrl":"https:\/\/elotroenfoque.mx\/wp-content\/uploads\/2026\/09\/claudita-critica-a-fox-y-a-alito.jpg","datePublished":"2026-09-06T00:30:00+00:00","dateModified":"2026-09-06T00:34:52+00:00","author":{"@id":"https:\/\/elotroenfoque.mx\/#\/schema\/person\/8eb322f84d0bd9f337e462905519a1ae"},"description":"Arremete la presidenta Sheinbaum en Colima contra el encuentro de Fox y Alito Moreno. Defiende tambi\u00e9n su iniciativa de nacionalidad para presidentes.","breadcrumb":{"@id":"https:\/\/elotroenfoque.mx\/index.php\/2026\/09\/05\/critica-presidenta-reunion-fox-alito-durante-gira-en-colima\/#breadcrumb"},"inLanguage":"es","potentialAction":[{"@type":"ReadAction","target":["https:\/\/elotroenfoque.mx\/index.php\/2026\/09\/05\/critica-presidenta-reunion-fox-alito-durante-gira-en-colima\/"]}]},{"@type":"ImageObject","inLanguage":"es","@id":"https:\/\/elotroenfoque.mx\/index.php\/2026\/09\/05\/critica-presidenta-reunion-fox-alito-durante-gira-en-colima\/#primaryimage","url":"https:\/\/elotroenfoque.mx\/wp-content\/uploads\/2026\/09\/claudita-critica-a-fox-y-a-alito.jpg","contentUrl":"https:\/\/elotroenfoque.mx\/wp-content\/uploads\/2026\/09\/claudita-critica-a-fox-y-a-alito.jpg","width":930,"height":519},{"@type":"BreadcrumbList","@id":"https:\/\/elotroenfoque.mx\/index.php\/2026\/09\/05\/critica-presidenta-reunion-fox-alito-durante-gira-en-colima\/#breadcrumb","itemListElement":[{"@type":"ListItem","position":1,"name":"Portada","item":"https:\/\/elotroenfoque.mx\/"},{"@type":"ListItem","position":2,"name":"Critica Presidenta reuni\u00f3n Fox-Alito durante gira en Colima"}]},{"@type":"WebSite","@id":"https:\/\/elotroenfoque.mx\/#website","url":"https:\/\/elotroenfoque.mx\/","name":"El otro enfoque","description":"","potentialAction":[{"@type":"SearchAction","target":{"@type":"EntryPoint","urlTemplate":"https:\/\/elotroenfoque.mx\/?s={search_term_string}"},"query-input":{"@type":"PropertyValueSpecification","valueRequired":true,"valueName":"search_term_string"}}],"inLanguage":"es"},{"@type":"Person","@id":"https:\/\/elotroenfoque.mx\/#\/schema\/person\/8eb322f84d0bd9f337e462905519a1ae","name":"Equipo Redaccion","image":{"@type":"ImageObject","inLanguage":"es","@id":"https:\/\/secure.gravatar.com\/avatar\/3579478e2b4e7aad364a32b26cf744b360ae0e581ee1cd0cb18a8f239ee49ac4?s=96&d=mm&r=g","url":"https:\/\/secure.gravatar.com\/avatar\/3579478e2b4e7aad364a32b26cf744b360ae0e581ee1cd0cb18a8f239ee49ac4?s=96&d=mm&r=g","contentUrl":"https:\/\/secure.gravatar.com\/avatar\/3579478e2b4e7aad364a32b26cf744b360ae0e581ee1cd0cb18a8f239ee49ac4?s=96&d=mm&r=g","caption":"Equipo Redaccion"},"url":"https:\/\/elotroenfoque.mx\/index.php\/author\/redaccion\/"}]}},"_links":{"self":[{"href":"https:\/\/elotroenfoque.mx\/index.php\/wp-json\/wp\/v2\/posts\/195738","targetHints":{"allow":["GET"]}}],"collection":[{"href":"https:\/\/elotroenfoque.mx\/index.php\/wp-json\/wp\/v2\/posts"}],"about":[{"href":"https:\/\/elotroenfoque.mx\/index.php\/wp-json\/wp\/v2\/types\/post"}],"author":[{"embeddable":true,"href":"https:\/\/elotroenfoque.mx\/index.php\/wp-json\/wp\/v2\/users\/4"}],"replies":[{"embeddable":true,"href":"https:\/\/elotroenfoque.mx\/index.php\/wp-json\/wp\/v2\/comments?post=195738"}],"version-history":[{"count":1,"href":"https:\/\/elotroenfoque.mx\/index.php\/wp-json\/wp\/v2\/posts\/195738\/revisions"}],"predecessor-version":[{"id":195740,"href":"https:\/\/elotroenfoque.mx\/index.php\/wp-json\/wp\/v2\/posts\/195738\/revisions\/195740"}],"wp:featuredmedia":[{"embeddable":true,"href":"https:\/\/elotroenfoque.mx\/index.php\/wp-json\/wp\/v2\/media\/195739"}],"wp:attachment":[{"href":"https:\/\/elotroenfoque.mx\/index.php\/wp-json\/wp\/v2\/media?parent=195738"}],"wp:term":[{"taxonomy":"category","embeddable":true,"href":"https:\/\/elotroenfoque.mx\/index.php\/wp-json\/wp\/v2\/categories?post=195738"},{"taxonomy":"post_tag","embeddable":true,"href":"https:\/\/elotroenfoque.mx\/index.php\/wp-json\/wp\/v2\/tags?post=195738"}],"curies":[{"name":"wp","href":"https:\/\/api.w.org\/{rel}","templated":true}]}}