{"id":195748,"date":"2026-09-05T19:34:25","date_gmt":"2026-09-06T01:34:25","guid":{"rendered":"https:\/\/elotroenfoque.mx\/?p=195748"},"modified":"2026-09-05T19:34:27","modified_gmt":"2026-09-06T01:34:27","slug":"robo-autobus-y-oficiales-rompen-ventanillas-para-arrestarlo-en-leon","status":"publish","type":"post","link":"https:\/\/elotroenfoque.mx\/index.php\/2026\/09\/05\/robo-autobus-y-oficiales-rompen-ventanillas-para-arrestarlo-en-leon\/","title":{"rendered":"Rob\u00f3 autob\u00fas y oficiales rompen ventanillas para arrestarlo, en Le\u00f3n"},"content":{"rendered":"\n<p class=\"wp-block-paragraph\">Polic\u00edas tuvieron que quebrar las ventanillas de un autob\u00fas de pasajeros para poder ingresar y detener a un hombre se\u00f1alado como presunto responsable del robo de la unidad, la tarde de este s\u00e1bado en Le\u00f3n.<\/p>\n\n\n\n<p class=\"wp-block-paragraph\">La Secretar\u00eda de Seguridad, Prevenci\u00f3n y Protecci\u00f3n Ciudadana inform\u00f3 que la intervenci\u00f3n ocurri\u00f3 luego de que se recibiera un reporte al n\u00famero de emergencias 9-1-1 sobre el presunto robo de un cami\u00f3n de pasajeros.<\/p>\n\n\n\n<figure class=\"wp-block-image size-large\"><img loading=\"lazy\" decoding=\"async\" width=\"895\" height=\"1024\" src=\"https:\/\/elotroenfoque.mx\/wp-content\/uploads\/2026\/09\/roba-autobus-y-lo-detienen-2-895x1024.jpeg\" alt=\"\" class=\"wp-image-195750\" srcset=\"https:\/\/elotroenfoque.mx\/wp-content\/uploads\/2026\/09\/roba-autobus-y-lo-detienen-2-895x1024.jpeg 895w, https:\/\/elotroenfoque.mx\/wp-content\/uploads\/2026\/09\/roba-autobus-y-lo-detienen-2-262x300.jpeg 262w, https:\/\/elotroenfoque.mx\/wp-content\/uploads\/2026\/09\/roba-autobus-y-lo-detienen-2-767x878.jpeg 767w, https:\/\/elotroenfoque.mx\/wp-content\/uploads\/2026\/09\/roba-autobus-y-lo-detienen-2.jpeg 1284w\" sizes=\"auto, (max-width: 895px) 100vw, 895px\" \/><\/figure>\n\n\n\n<p class=\"wp-block-paragraph\">A trav\u00e9s del sistema de videovigilancia del C4, las autoridades dieron seguimiento al veh\u00edculo hasta que oficiales de Polic\u00eda Vial ubicaron la unidad y le marcaron el alto al conductor.<\/p>\n\n\n\n<p class=\"wp-block-paragraph\">Sin embargo, el hombre hizo caso omiso a las indicaciones, por lo que se implement\u00f3 un operativo coordinado con elementos de Polic\u00eda Municipal para detener su marcha sobre el bulevar Morelos casi esquina con el bulevar Hidalgo.<\/p>\n\n\n\n<p class=\"wp-block-paragraph\">Una vez que el autob\u00fas fue detenido, el conductor se neg\u00f3 a descender. De acuerdo con la Secretar\u00eda de Seguridad, adem\u00e1s, intent\u00f3 reiniciar la marcha mientras hab\u00eda polic\u00edas a pie alrededor de la unidad.<\/p>\n\n\n\n<figure class=\"wp-block-image size-large\"><img loading=\"lazy\" decoding=\"async\" width=\"874\" height=\"1024\" src=\"https:\/\/elotroenfoque.mx\/wp-content\/uploads\/2026\/09\/roba-autobus-y-lo-detienen-3-874x1024.jpeg\" alt=\"\" class=\"wp-image-195751\" srcset=\"https:\/\/elotroenfoque.mx\/wp-content\/uploads\/2026\/09\/roba-autobus-y-lo-detienen-3-874x1024.jpeg 874w, https:\/\/elotroenfoque.mx\/wp-content\/uploads\/2026\/09\/roba-autobus-y-lo-detienen-3-256x300.jpeg 256w, https:\/\/elotroenfoque.mx\/wp-content\/uploads\/2026\/09\/roba-autobus-y-lo-detienen-3-768x900.jpeg 768w, https:\/\/elotroenfoque.mx\/wp-content\/uploads\/2026\/09\/roba-autobus-y-lo-detienen-3.jpeg 1284w\" sizes=\"auto, (max-width: 874px) 100vw, 874px\" \/><\/figure>\n\n\n\n<p class=\"wp-block-paragraph\">Las autoridades se\u00f1alaron que esta acci\u00f3n representaba un riesgo tanto para los oficiales como para terceros, por lo que los polic\u00edas intervinieron para controlar y asegurar al conductor.<\/p>\n\n\n\n<p class=\"wp-block-paragraph\">Tambi\u00e9n lee: <strong><a href=\"https:\/\/elotroenfoque.mx\/index.php\/2026\/09\/05\/critica-presidenta-reunion-fox-alito-durante-gira-en-colima\/\">Critica Presidenta reuni\u00f3n Fox-Alito durante gira en Colima<\/a><\/strong><\/p>\n\n\n\n<p class=\"wp-block-paragraph\">Durante la intervenci\u00f3n, los elementos rompieron las ventanillas del autob\u00fas para poder ingresar y realizar la detenci\u00f3n.<\/p>\n\n\n\n<p class=\"wp-block-paragraph\">Finalmente, el hombre detenido y el veh\u00edculo asegurado fueron puestos a disposici\u00f3n de la autoridad correspondiente, que ser\u00e1 la encargada de determinar su situaci\u00f3n jur\u00eddica.<\/p>\n\n\n\n<p class=\"wp-block-paragraph\">Por ahora no se saben m\u00e1s detalles y la identidad del afectado y del detenido.<\/p>\n\n\n\n<p class=\"wp-block-paragraph\"><strong><a href=\"https:\/\/www.tiktok.com\/@elotroenfoque?_r=1&amp;_t=ZS-97ffhW6kR1t\">Sigue tambi\u00e9n las noticias en TikTok<\/a><\/strong><\/p>\n\n\n\n<p class=\"wp-block-paragraph\"><\/p>\n","protected":false},"excerpt":{"rendered":"<p>Polic\u00edas tuvieron que quebrar las ventanillas de un autob\u00fas de pasajeros para poder ingresar y detener a un hombre se\u00f1alado como presunto responsable del robo de la unidad, la tarde de este s\u00e1bado en Le\u00f3n. La Secretar\u00eda de Seguridad, Prevenci\u00f3n y Protecci\u00f3n Ciudadana inform\u00f3 que la intervenci\u00f3n ocurri\u00f3 luego de que se recibiera un reporte&#8230;<\/p>\n","protected":false},"author":4,"featured_media":195749,"comment_status":"closed","ping_status":"open","sticky":false,"template":"","format":"standard","meta":{"footnotes":""},"categories":[8],"tags":[13,4517],"class_list":["post-195748","post","type-post","status-publish","format-standard","has-post-thumbnail","hentry","category-desenfoques","tag-guanajuato","tag-noticias-guanajuato"],"yoast_head":"<!-- This site is optimized with the Yoast SEO plugin v28.2 - https:\/\/yoast.com\/product\/yoast-seo-wordpress\/ -->\n<title>Rob\u00f3 autob\u00fas y oficiales rompen ventanillas para arrestarlo, en Le\u00f3n - El otro enfoque<\/title>\n<meta name=\"description\" content=\"Polic\u00edas rompieron las ventanillas de un autob\u00fas para detener en Le\u00f3n a un hombre se\u00f1alado por el presunto robo de la unidad.\" \/>\n<meta name=\"robots\" content=\"index, follow, max-snippet:-1, max-image-preview:large, max-video-preview:-1\" \/>\n<link rel=\"canonical\" href=\"https:\/\/elotroenfoque.mx\/index.php\/2026\/09\/05\/robo-autobus-y-oficiales-rompen-ventanillas-para-arrestarlo-en-leon\/\" \/>\n<meta property=\"og:locale\" content=\"es_MX\" \/>\n<meta property=\"og:type\" content=\"article\" \/>\n<meta property=\"og:title\" content=\"Rob\u00f3 autob\u00fas y oficiales rompen ventanillas para arrestarlo, en Le\u00f3n - El otro enfoque\" \/>\n<meta property=\"og:description\" content=\"Polic\u00edas rompieron las ventanillas de un autob\u00fas para detener en Le\u00f3n a un hombre se\u00f1alado por el presunto robo de la unidad.\" \/>\n<meta property=\"og:url\" content=\"https:\/\/elotroenfoque.mx\/index.php\/2026\/09\/05\/robo-autobus-y-oficiales-rompen-ventanillas-para-arrestarlo-en-leon\/\" \/>\n<meta property=\"og:site_name\" content=\"El otro enfoque\" \/>\n<meta property=\"article:published_time\" content=\"2026-09-06T01:34:25+00:00\" \/>\n<meta property=\"article:modified_time\" content=\"2026-09-06T01:34:27+00:00\" \/>\n<meta property=\"og:image\" content=\"https:\/\/elotroenfoque.mx\/wp-content\/uploads\/2026\/09\/roba-autobus-y-lo-detienen-1.jpeg\" \/>\n\t<meta property=\"og:image:width\" content=\"1284\" \/>\n\t<meta property=\"og:image:height\" content=\"1464\" \/>\n\t<meta property=\"og:image:type\" content=\"image\/jpeg\" \/>\n<meta name=\"author\" content=\"Equipo Redaccion\" \/>\n<meta name=\"twitter:card\" content=\"summary_large_image\" \/>\n<meta name=\"twitter:label1\" content=\"Escrito por\" \/>\n\t<meta name=\"twitter:data1\" content=\"Equipo Redaccion\" \/>\n\t<meta name=\"twitter:label2\" content=\"Tiempo de lectura\" \/>\n\t<meta name=\"twitter:data2\" content=\"2 minutos\" \/>\n<script type=\"application\/ld+json\" class=\"yoast-schema-graph\">{\"@context\":\"https:\\\/\\\/schema.org\",\"@graph\":[{\"@type\":\"Article\",\"@id\":\"https:\\\/\\\/elotroenfoque.mx\\\/index.php\\\/2026\\\/09\\\/05\\\/robo-autobus-y-oficiales-rompen-ventanillas-para-arrestarlo-en-leon\\\/#article\",\"isPartOf\":{\"@id\":\"https:\\\/\\\/elotroenfoque.mx\\\/index.php\\\/2026\\\/09\\\/05\\\/robo-autobus-y-oficiales-rompen-ventanillas-para-arrestarlo-en-leon\\\/\"},\"author\":{\"name\":\"Equipo Redaccion\",\"@id\":\"https:\\\/\\\/elotroenfoque.mx\\\/#\\\/schema\\\/person\\\/8eb322f84d0bd9f337e462905519a1ae\"},\"headline\":\"Rob\u00f3 autob\u00fas y oficiales rompen ventanillas para arrestarlo, en Le\u00f3n\",\"datePublished\":\"2026-09-06T01:34:25+00:00\",\"dateModified\":\"2026-09-06T01:34:27+00:00\",\"mainEntityOfPage\":{\"@id\":\"https:\\\/\\\/elotroenfoque.mx\\\/index.php\\\/2026\\\/09\\\/05\\\/robo-autobus-y-oficiales-rompen-ventanillas-para-arrestarlo-en-leon\\\/\"},\"wordCount\":318,\"image\":{\"@id\":\"https:\\\/\\\/elotroenfoque.mx\\\/index.php\\\/2026\\\/09\\\/05\\\/robo-autobus-y-oficiales-rompen-ventanillas-para-arrestarlo-en-leon\\\/#primaryimage\"},\"thumbnailUrl\":\"https:\\\/\\\/elotroenfoque.mx\\\/wp-content\\\/uploads\\\/2026\\\/09\\\/roba-autobus-y-lo-detienen-1.jpeg\",\"keywords\":[\"Guanajuato\",\"Noticias Guanajuato\"],\"articleSection\":[\"Desenfoques\"],\"inLanguage\":\"es\"},{\"@type\":\"WebPage\",\"@id\":\"https:\\\/\\\/elotroenfoque.mx\\\/index.php\\\/2026\\\/09\\\/05\\\/robo-autobus-y-oficiales-rompen-ventanillas-para-arrestarlo-en-leon\\\/\",\"url\":\"https:\\\/\\\/elotroenfoque.mx\\\/index.php\\\/2026\\\/09\\\/05\\\/robo-autobus-y-oficiales-rompen-ventanillas-para-arrestarlo-en-leon\\\/\",\"name\":\"Rob\u00f3 autob\u00fas y oficiales rompen ventanillas para arrestarlo, en Le\u00f3n - El otro enfoque\",\"isPartOf\":{\"@id\":\"https:\\\/\\\/elotroenfoque.mx\\\/#website\"},\"primaryImageOfPage\":{\"@id\":\"https:\\\/\\\/elotroenfoque.mx\\\/index.php\\\/2026\\\/09\\\/05\\\/robo-autobus-y-oficiales-rompen-ventanillas-para-arrestarlo-en-leon\\\/#primaryimage\"},\"image\":{\"@id\":\"https:\\\/\\\/elotroenfoque.mx\\\/index.php\\\/2026\\\/09\\\/05\\\/robo-autobus-y-oficiales-rompen-ventanillas-para-arrestarlo-en-leon\\\/#primaryimage\"},\"thumbnailUrl\":\"https:\\\/\\\/elotroenfoque.mx\\\/wp-content\\\/uploads\\\/2026\\\/09\\\/roba-autobus-y-lo-detienen-1.jpeg\",\"datePublished\":\"2026-09-06T01:34:25+00:00\",\"dateModified\":\"2026-09-06T01:34:27+00:00\",\"author\":{\"@id\":\"https:\\\/\\\/elotroenfoque.mx\\\/#\\\/schema\\\/person\\\/8eb322f84d0bd9f337e462905519a1ae\"},\"description\":\"Polic\u00edas rompieron las ventanillas de un autob\u00fas para detener en Le\u00f3n a un hombre se\u00f1alado por el presunto robo de la unidad.\",\"breadcrumb\":{\"@id\":\"https:\\\/\\\/elotroenfoque.mx\\\/index.php\\\/2026\\\/09\\\/05\\\/robo-autobus-y-oficiales-rompen-ventanillas-para-arrestarlo-en-leon\\\/#breadcrumb\"},\"inLanguage\":\"es\",\"potentialAction\":[{\"@type\":\"ReadAction\",\"target\":[\"https:\\\/\\\/elotroenfoque.mx\\\/index.php\\\/2026\\\/09\\\/05\\\/robo-autobus-y-oficiales-rompen-ventanillas-para-arrestarlo-en-leon\\\/\"]}]},{\"@type\":\"ImageObject\",\"inLanguage\":\"es\",\"@id\":\"https:\\\/\\\/elotroenfoque.mx\\\/index.php\\\/2026\\\/09\\\/05\\\/robo-autobus-y-oficiales-rompen-ventanillas-para-arrestarlo-en-leon\\\/#primaryimage\",\"url\":\"https:\\\/\\\/elotroenfoque.mx\\\/wp-content\\\/uploads\\\/2026\\\/09\\\/roba-autobus-y-lo-detienen-1.jpeg\",\"contentUrl\":\"https:\\\/\\\/elotroenfoque.mx\\\/wp-content\\\/uploads\\\/2026\\\/09\\\/roba-autobus-y-lo-detienen-1.jpeg\",\"width\":1284,\"height\":1464},{\"@type\":\"BreadcrumbList\",\"@id\":\"https:\\\/\\\/elotroenfoque.mx\\\/index.php\\\/2026\\\/09\\\/05\\\/robo-autobus-y-oficiales-rompen-ventanillas-para-arrestarlo-en-leon\\\/#breadcrumb\",\"itemListElement\":[{\"@type\":\"ListItem\",\"position\":1,\"name\":\"Portada\",\"item\":\"https:\\\/\\\/elotroenfoque.mx\\\/\"},{\"@type\":\"ListItem\",\"position\":2,\"name\":\"Rob\u00f3 autob\u00fas y oficiales rompen ventanillas para arrestarlo, en Le\u00f3n\"}]},{\"@type\":\"WebSite\",\"@id\":\"https:\\\/\\\/elotroenfoque.mx\\\/#website\",\"url\":\"https:\\\/\\\/elotroenfoque.mx\\\/\",\"name\":\"El otro enfoque\",\"description\":\"\",\"potentialAction\":[{\"@type\":\"SearchAction\",\"target\":{\"@type\":\"EntryPoint\",\"urlTemplate\":\"https:\\\/\\\/elotroenfoque.mx\\\/?s={search_term_string}\"},\"query-input\":{\"@type\":\"PropertyValueSpecification\",\"valueRequired\":true,\"valueName\":\"search_term_string\"}}],\"inLanguage\":\"es\"},{\"@type\":\"Person\",\"@id\":\"https:\\\/\\\/elotroenfoque.mx\\\/#\\\/schema\\\/person\\\/8eb322f84d0bd9f337e462905519a1ae\",\"name\":\"Equipo Redaccion\",\"image\":{\"@type\":\"ImageObject\",\"inLanguage\":\"es\",\"@id\":\"https:\\\/\\\/secure.gravatar.com\\\/avatar\\\/3579478e2b4e7aad364a32b26cf744b360ae0e581ee1cd0cb18a8f239ee49ac4?s=96&d=mm&r=g\",\"url\":\"https:\\\/\\\/secure.gravatar.com\\\/avatar\\\/3579478e2b4e7aad364a32b26cf744b360ae0e581ee1cd0cb18a8f239ee49ac4?s=96&d=mm&r=g\",\"contentUrl\":\"https:\\\/\\\/secure.gravatar.com\\\/avatar\\\/3579478e2b4e7aad364a32b26cf744b360ae0e581ee1cd0cb18a8f239ee49ac4?s=96&d=mm&r=g\",\"caption\":\"Equipo Redaccion\"},\"url\":\"https:\\\/\\\/elotroenfoque.mx\\\/index.php\\\/author\\\/redaccion\\\/\"}]}<\/script>\n<!-- \/ Yoast SEO plugin. -->","yoast_head_json":{"title":"Rob\u00f3 autob\u00fas y oficiales rompen ventanillas para arrestarlo, en Le\u00f3n - El otro enfoque","description":"Polic\u00edas rompieron las ventanillas de un autob\u00fas para detener en Le\u00f3n a un hombre se\u00f1alado por el presunto robo de la unidad.","robots":{"index":"index","follow":"follow","max-snippet":"max-snippet:-1","max-image-preview":"max-image-preview:large","max-video-preview":"max-video-preview:-1"},"canonical":"https:\/\/elotroenfoque.mx\/index.php\/2026\/09\/05\/robo-autobus-y-oficiales-rompen-ventanillas-para-arrestarlo-en-leon\/","og_locale":"es_MX","og_type":"article","og_title":"Rob\u00f3 autob\u00fas y oficiales rompen ventanillas para arrestarlo, en Le\u00f3n - El otro enfoque","og_description":"Polic\u00edas rompieron las ventanillas de un autob\u00fas para detener en Le\u00f3n a un hombre se\u00f1alado por el presunto robo de la unidad.","og_url":"https:\/\/elotroenfoque.mx\/index.php\/2026\/09\/05\/robo-autobus-y-oficiales-rompen-ventanillas-para-arrestarlo-en-leon\/","og_site_name":"El otro enfoque","article_published_time":"2026-09-06T01:34:25+00:00","article_modified_time":"2026-09-06T01:34:27+00:00","og_image":[{"width":1284,"height":1464,"url":"https:\/\/elotroenfoque.mx\/wp-content\/uploads\/2026\/09\/roba-autobus-y-lo-detienen-1.jpeg","type":"image\/jpeg"}],"author":"Equipo Redaccion","twitter_card":"summary_large_image","twitter_misc":{"Escrito por":"Equipo Redaccion","Tiempo de lectura":"2 minutos"},"schema":{"@context":"https:\/\/schema.org","@graph":[{"@type":"Article","@id":"https:\/\/elotroenfoque.mx\/index.php\/2026\/09\/05\/robo-autobus-y-oficiales-rompen-ventanillas-para-arrestarlo-en-leon\/#article","isPartOf":{"@id":"https:\/\/elotroenfoque.mx\/index.php\/2026\/09\/05\/robo-autobus-y-oficiales-rompen-ventanillas-para-arrestarlo-en-leon\/"},"author":{"name":"Equipo Redaccion","@id":"https:\/\/elotroenfoque.mx\/#\/schema\/person\/8eb322f84d0bd9f337e462905519a1ae"},"headline":"Rob\u00f3 autob\u00fas y oficiales rompen ventanillas para arrestarlo, en Le\u00f3n","datePublished":"2026-09-06T01:34:25+00:00","dateModified":"2026-09-06T01:34:27+00:00","mainEntityOfPage":{"@id":"https:\/\/elotroenfoque.mx\/index.php\/2026\/09\/05\/robo-autobus-y-oficiales-rompen-ventanillas-para-arrestarlo-en-leon\/"},"wordCount":318,"image":{"@id":"https:\/\/elotroenfoque.mx\/index.php\/2026\/09\/05\/robo-autobus-y-oficiales-rompen-ventanillas-para-arrestarlo-en-leon\/#primaryimage"},"thumbnailUrl":"https:\/\/elotroenfoque.mx\/wp-content\/uploads\/2026\/09\/roba-autobus-y-lo-detienen-1.jpeg","keywords":["Guanajuato","Noticias Guanajuato"],"articleSection":["Desenfoques"],"inLanguage":"es"},{"@type":"WebPage","@id":"https:\/\/elotroenfoque.mx\/index.php\/2026\/09\/05\/robo-autobus-y-oficiales-rompen-ventanillas-para-arrestarlo-en-leon\/","url":"https:\/\/elotroenfoque.mx\/index.php\/2026\/09\/05\/robo-autobus-y-oficiales-rompen-ventanillas-para-arrestarlo-en-leon\/","name":"Rob\u00f3 autob\u00fas y oficiales rompen ventanillas para arrestarlo, en Le\u00f3n - El otro enfoque","isPartOf":{"@id":"https:\/\/elotroenfoque.mx\/#website"},"primaryImageOfPage":{"@id":"https:\/\/elotroenfoque.mx\/index.php\/2026\/09\/05\/robo-autobus-y-oficiales-rompen-ventanillas-para-arrestarlo-en-leon\/#primaryimage"},"image":{"@id":"https:\/\/elotroenfoque.mx\/index.php\/2026\/09\/05\/robo-autobus-y-oficiales-rompen-ventanillas-para-arrestarlo-en-leon\/#primaryimage"},"thumbnailUrl":"https:\/\/elotroenfoque.mx\/wp-content\/uploads\/2026\/09\/roba-autobus-y-lo-detienen-1.jpeg","datePublished":"2026-09-06T01:34:25+00:00","dateModified":"2026-09-06T01:34:27+00:00","author":{"@id":"https:\/\/elotroenfoque.mx\/#\/schema\/person\/8eb322f84d0bd9f337e462905519a1ae"},"description":"Polic\u00edas rompieron las ventanillas de un autob\u00fas para detener en Le\u00f3n a un hombre se\u00f1alado por el presunto robo de la unidad.","breadcrumb":{"@id":"https:\/\/elotroenfoque.mx\/index.php\/2026\/09\/05\/robo-autobus-y-oficiales-rompen-ventanillas-para-arrestarlo-en-leon\/#breadcrumb"},"inLanguage":"es","potentialAction":[{"@type":"ReadAction","target":["https:\/\/elotroenfoque.mx\/index.php\/2026\/09\/05\/robo-autobus-y-oficiales-rompen-ventanillas-para-arrestarlo-en-leon\/"]}]},{"@type":"ImageObject","inLanguage":"es","@id":"https:\/\/elotroenfoque.mx\/index.php\/2026\/09\/05\/robo-autobus-y-oficiales-rompen-ventanillas-para-arrestarlo-en-leon\/#primaryimage","url":"https:\/\/elotroenfoque.mx\/wp-content\/uploads\/2026\/09\/roba-autobus-y-lo-detienen-1.jpeg","contentUrl":"https:\/\/elotroenfoque.mx\/wp-content\/uploads\/2026\/09\/roba-autobus-y-lo-detienen-1.jpeg","width":1284,"height":1464},{"@type":"BreadcrumbList","@id":"https:\/\/elotroenfoque.mx\/index.php\/2026\/09\/05\/robo-autobus-y-oficiales-rompen-ventanillas-para-arrestarlo-en-leon\/#breadcrumb","itemListElement":[{"@type":"ListItem","position":1,"name":"Portada","item":"https:\/\/elotroenfoque.mx\/"},{"@type":"ListItem","position":2,"name":"Rob\u00f3 autob\u00fas y oficiales rompen ventanillas para arrestarlo, en Le\u00f3n"}]},{"@type":"WebSite","@id":"https:\/\/elotroenfoque.mx\/#website","url":"https:\/\/elotroenfoque.mx\/","name":"El otro enfoque","description":"","potentialAction":[{"@type":"SearchAction","target":{"@type":"EntryPoint","urlTemplate":"https:\/\/elotroenfoque.mx\/?s={search_term_string}"},"query-input":{"@type":"PropertyValueSpecification","valueRequired":true,"valueName":"search_term_string"}}],"inLanguage":"es"},{"@type":"Person","@id":"https:\/\/elotroenfoque.mx\/#\/schema\/person\/8eb322f84d0bd9f337e462905519a1ae","name":"Equipo Redaccion","image":{"@type":"ImageObject","inLanguage":"es","@id":"https:\/\/secure.gravatar.com\/avatar\/3579478e2b4e7aad364a32b26cf744b360ae0e581ee1cd0cb18a8f239ee49ac4?s=96&d=mm&r=g","url":"https:\/\/secure.gravatar.com\/avatar\/3579478e2b4e7aad364a32b26cf744b360ae0e581ee1cd0cb18a8f239ee49ac4?s=96&d=mm&r=g","contentUrl":"https:\/\/secure.gravatar.com\/avatar\/3579478e2b4e7aad364a32b26cf744b360ae0e581ee1cd0cb18a8f239ee49ac4?s=96&d=mm&r=g","caption":"Equipo Redaccion"},"url":"https:\/\/elotroenfoque.mx\/index.php\/author\/redaccion\/"}]}},"_links":{"self":[{"href":"https:\/\/elotroenfoque.mx\/index.php\/wp-json\/wp\/v2\/posts\/195748","targetHints":{"allow":["GET"]}}],"collection":[{"href":"https:\/\/elotroenfoque.mx\/index.php\/wp-json\/wp\/v2\/posts"}],"about":[{"href":"https:\/\/elotroenfoque.mx\/index.php\/wp-json\/wp\/v2\/types\/post"}],"author":[{"embeddable":true,"href":"https:\/\/elotroenfoque.mx\/index.php\/wp-json\/wp\/v2\/users\/4"}],"replies":[{"embeddable":true,"href":"https:\/\/elotroenfoque.mx\/index.php\/wp-json\/wp\/v2\/comments?post=195748"}],"version-history":[{"count":1,"href":"https:\/\/elotroenfoque.mx\/index.php\/wp-json\/wp\/v2\/posts\/195748\/revisions"}],"predecessor-version":[{"id":195752,"href":"https:\/\/elotroenfoque.mx\/index.php\/wp-json\/wp\/v2\/posts\/195748\/revisions\/195752"}],"wp:featuredmedia":[{"embeddable":true,"href":"https:\/\/elotroenfoque.mx\/index.php\/wp-json\/wp\/v2\/media\/195749"}],"wp:attachment":[{"href":"https:\/\/elotroenfoque.mx\/index.php\/wp-json\/wp\/v2\/media?parent=195748"}],"wp:term":[{"taxonomy":"category","embeddable":true,"href":"https:\/\/elotroenfoque.mx\/index.php\/wp-json\/wp\/v2\/categories?post=195748"},{"taxonomy":"post_tag","embeddable":true,"href":"https:\/\/elotroenfoque.mx\/index.php\/wp-json\/wp\/v2\/tags?post=195748"}],"curies":[{"name":"wp","href":"https:\/\/api.w.org\/{rel}","templated":true}]}}