{"id":195753,"date":"2026-09-05T21:40:50","date_gmt":"2026-09-06T03:40:50","guid":{"rendered":"https:\/\/elotroenfoque.mx\/?p=195753"},"modified":"2026-09-05T21:40:51","modified_gmt":"2026-09-06T03:40:51","slug":"muere-rescatista-durante-incendio-en-fabrica-del-estado-de-mexico-hay-3-heridos","status":"publish","type":"post","link":"https:\/\/elotroenfoque.mx\/index.php\/2026\/09\/05\/muere-rescatista-durante-incendio-en-fabrica-del-estado-de-mexico-hay-3-heridos\/","title":{"rendered":"Muere rescatista durante incendio en f\u00e1brica del Estado de M\u00e9xico; hay 3 heridos"},"content":{"rendered":"\n<p class=\"wp-block-paragraph\">Un elemento operativo de Protecci\u00f3n Civil de Tlalnepantla muri\u00f3 tras el incendio en una f\u00e1brica donde ardieron varios contenedores cargados con di\u00e9sel.<\/p>\n\n\n\n<p class=\"wp-block-paragraph\">El siniestro ocurri\u00f3 la tarde de este s\u00e1bado en la colonia Centro Industrial Tlalnepantla, Estado de M\u00e9xico. Bomberos de varios municipios participaron en las labores para controlar las llamas.<\/p>\n\n\n\n<p class=\"wp-block-paragraph\">Adem\u00e1s, tres personas resultaron con quemaduras de diferentes grados y fueron trasladadas a un hospital para recibir atenci\u00f3n m\u00e9dica.<\/p>\n\n\n\n<h2 class=\"wp-block-heading\">Incendio en f\u00e1brica de Tlalnepantla moviliza a bomberos<\/h2>\n\n\n\n<p class=\"wp-block-paragraph\">El incendio se registr\u00f3 al interior de la empresa Quimitec, ubicada sobre la calle Tenayuca, donde varios contenedores con di\u00e9sel fueron alcanzados por el fuego.<\/p>\n\n\n\n<p class=\"wp-block-paragraph\">Debido al riesgo generado por el combustible, cuerpos de emergencia desplegaron un operativo para evitar que las llamas se extendieran a otras \u00e1reas.<\/p>\n\n\n\n<p class=\"wp-block-paragraph\">Asimismo, bomberos de Atizap\u00e1n, Naucalpan, Tultitl\u00e1n y Cuautitl\u00e1n Izcalli acudieron en apoyo de los equipos de emergencia de Tlalnepantla.<\/p>\n\n\n\n<p class=\"wp-block-paragraph\">Las labores para controlar el fuego se prolongaron durante m\u00e1s de tres horas. Finalmente, las autoridades reportaron que el incendio fue sofocado alrededor de las 20:00 horas.<\/p>\n\n\n\n<h2 class=\"wp-block-heading\">Muere elemento de Protecci\u00f3n Civil tras el siniestro<\/h2>\n\n\n\n<p class=\"wp-block-paragraph\">El gobierno municipal confirm\u00f3 que un elemento operativo de Protecci\u00f3n Civil perdi\u00f3 la vida durante la atenci\u00f3n de la emergencia.<\/p>\n\n\n\n<p class=\"wp-block-paragraph\">Sin embargo, la autoridad aclar\u00f3 que el rescatista se encontraba fuera de la f\u00e1brica cuando comenz\u00f3 a sentirse mal de salud.<\/p>\n\n\n\n<p class=\"wp-block-paragraph\">Posteriormente, el elemento fue trasladado al Instituto de Seguridad Social del Estado de M\u00e9xico y Municipios, donde se confirm\u00f3 su fallecimiento.<\/p>\n\n\n\n<p class=\"wp-block-paragraph\">Hasta el momento, las autoridades no han informado las causas que provocaron la muerte del trabajador de Protecci\u00f3n Civil.<\/p>\n\n\n\n<h2 class=\"wp-block-heading\">Tres personas resultan heridas por el incendio<\/h2>\n\n\n\n<p class=\"wp-block-paragraph\">Adem\u00e1s del fallecimiento del elemento operativo, el incendio dej\u00f3 a tres personas con quemaduras de diferentes grados.<\/p>\n\n\n\n<p class=\"wp-block-paragraph\">Los lesionados, cuya identidad no ha sido revelada, recibieron atenci\u00f3n de los cuerpos de emergencia y posteriormente fueron trasladados a un hospital.<\/p>\n\n\n\n<p class=\"wp-block-paragraph\">Por ahora, las autoridades no han informado p\u00fablicamente la gravedad de las lesiones ni su estado de salud.<\/p>\n\n\n\n<p class=\"wp-block-paragraph\">Mientras tanto, los equipos de emergencia mantienen las labores correspondientes para atender cualquier situaci\u00f3n que pudiera representar un nuevo riesgo.<\/p>\n\n\n\n<h2 class=\"wp-block-heading\">Contin\u00faan labores de remoci\u00f3n en la f\u00e1brica<\/h2>\n\n\n\n<p class=\"wp-block-paragraph\">Luego de sofocar las llamas, los rescatistas comenzaron con la remoci\u00f3n de escombros en la zona donde se encontraban los contenedores afectados.<\/p>\n\n\n\n<p class=\"wp-block-paragraph\">Tambi\u00e9n lee: <strong><a href=\"https:\/\/elotroenfoque.mx\/index.php\/2026\/09\/05\/cuesta-hasta-10-mil-pesos-al-mes-controlar-diabetes-e-hipertension-en-mexico\/\">Cuesta hasta 10 mil pesos al mes controlar diabetes e hipertensi\u00f3n en M\u00e9xico<\/a><\/strong><\/p>\n\n\n\n<p class=\"wp-block-paragraph\">Estas labores se realizan dentro de las instalaciones de Quimitec, donde se concentr\u00f3 buena parte de la emergencia debido a la presencia de di\u00e9sel.<\/p>\n\n\n\n<p class=\"wp-block-paragraph\">Por otra parte, las autoridades deber\u00e1n determinar qu\u00e9 provoc\u00f3 el incendio y establecer las condiciones en las que ocurri\u00f3 el siniestro.<\/p>\n\n\n\n<p class=\"wp-block-paragraph\">El caso tambi\u00e9n permanece bajo seguimiento de las autoridades correspondientes, mientras contin\u00faan los trabajos dentro de la empresa.<\/p>\n\n\n\n<p class=\"wp-block-paragraph\"><strong><a href=\"https:\/\/www.tiktok.com\/@elotroenfoque?_r=1&amp;_t=ZS-97ffhW6kR1t\">Sigue tambi\u00e9n las noticias en TikTok<\/a><\/strong><\/p>\n\n\n\n<p class=\"wp-block-paragraph\"><\/p>\n","protected":false},"excerpt":{"rendered":"<p>Un elemento operativo de Protecci\u00f3n Civil de Tlalnepantla muri\u00f3 tras el incendio en una f\u00e1brica donde ardieron varios contenedores cargados con di\u00e9sel. El siniestro ocurri\u00f3 la tarde de este s\u00e1bado en la colonia Centro Industrial Tlalnepantla, Estado de M\u00e9xico. Bomberos de varios municipios participaron en las labores para controlar las llamas. Adem\u00e1s, tres personas resultaron&#8230;<\/p>\n","protected":false},"author":4,"featured_media":195754,"comment_status":"closed","ping_status":"open","sticky":false,"template":"","format":"standard","meta":{"footnotes":""},"categories":[11],"tags":[13,4517],"class_list":["post-195753","post","type-post","status-publish","format-standard","has-post-thumbnail","hentry","category-otrasnoticias","tag-guanajuato","tag-noticias-guanajuato"],"yoast_head":"<!-- This site is optimized with the Yoast SEO plugin v28.2 - https:\/\/yoast.com\/product\/yoast-seo-wordpress\/ -->\n<title>Muere rescatista durante incendio en f\u00e1brica del Estado de M\u00e9xico; hay 3 heridos - El otro enfoque<\/title>\n<meta name=\"description\" content=\"Un elemento de Protecci\u00f3n Civil muri\u00f3 tras el incendio en una f\u00e1brica de Tlalnepantla, donde adem\u00e1s tres personas resultaron heridas.\" \/>\n<meta name=\"robots\" content=\"index, follow, max-snippet:-1, max-image-preview:large, max-video-preview:-1\" \/>\n<link rel=\"canonical\" href=\"https:\/\/elotroenfoque.mx\/index.php\/2026\/09\/05\/muere-rescatista-durante-incendio-en-fabrica-del-estado-de-mexico-hay-3-heridos\/\" \/>\n<meta property=\"og:locale\" content=\"es_MX\" \/>\n<meta property=\"og:type\" content=\"article\" \/>\n<meta property=\"og:title\" content=\"Muere rescatista durante incendio en f\u00e1brica del Estado de M\u00e9xico; hay 3 heridos - El otro enfoque\" \/>\n<meta property=\"og:description\" content=\"Un elemento de Protecci\u00f3n Civil muri\u00f3 tras el incendio en una f\u00e1brica de Tlalnepantla, donde adem\u00e1s tres personas resultaron heridas.\" \/>\n<meta property=\"og:url\" content=\"https:\/\/elotroenfoque.mx\/index.php\/2026\/09\/05\/muere-rescatista-durante-incendio-en-fabrica-del-estado-de-mexico-hay-3-heridos\/\" \/>\n<meta property=\"og:site_name\" content=\"El otro enfoque\" \/>\n<meta property=\"article:published_time\" content=\"2026-09-06T03:40:50+00:00\" \/>\n<meta property=\"article:modified_time\" content=\"2026-09-06T03:40:51+00:00\" \/>\n<meta property=\"og:image\" content=\"https:\/\/elotroenfoque.mx\/wp-content\/uploads\/2026\/09\/muere-quemado-elemento-de-PC.jpg\" \/>\n\t<meta property=\"og:image:width\" content=\"724\" \/>\n\t<meta property=\"og:image:height\" content=\"481\" \/>\n\t<meta property=\"og:image:type\" content=\"image\/jpeg\" \/>\n<meta name=\"author\" content=\"Equipo Redaccion\" \/>\n<meta name=\"twitter:card\" content=\"summary_large_image\" \/>\n<meta name=\"twitter:label1\" content=\"Escrito por\" \/>\n\t<meta name=\"twitter:data1\" content=\"Equipo Redaccion\" \/>\n\t<meta name=\"twitter:label2\" content=\"Tiempo de lectura\" \/>\n\t<meta name=\"twitter:data2\" content=\"3 minutos\" \/>\n<script type=\"application\/ld+json\" class=\"yoast-schema-graph\">{\"@context\":\"https:\\\/\\\/schema.org\",\"@graph\":[{\"@type\":\"Article\",\"@id\":\"https:\\\/\\\/elotroenfoque.mx\\\/index.php\\\/2026\\\/09\\\/05\\\/muere-rescatista-durante-incendio-en-fabrica-del-estado-de-mexico-hay-3-heridos\\\/#article\",\"isPartOf\":{\"@id\":\"https:\\\/\\\/elotroenfoque.mx\\\/index.php\\\/2026\\\/09\\\/05\\\/muere-rescatista-durante-incendio-en-fabrica-del-estado-de-mexico-hay-3-heridos\\\/\"},\"author\":{\"name\":\"Equipo Redaccion\",\"@id\":\"https:\\\/\\\/elotroenfoque.mx\\\/#\\\/schema\\\/person\\\/8eb322f84d0bd9f337e462905519a1ae\"},\"headline\":\"Muere rescatista durante incendio en f\u00e1brica del Estado de M\u00e9xico; hay 3 heridos\",\"datePublished\":\"2026-09-06T03:40:50+00:00\",\"dateModified\":\"2026-09-06T03:40:51+00:00\",\"mainEntityOfPage\":{\"@id\":\"https:\\\/\\\/elotroenfoque.mx\\\/index.php\\\/2026\\\/09\\\/05\\\/muere-rescatista-durante-incendio-en-fabrica-del-estado-de-mexico-hay-3-heridos\\\/\"},\"wordCount\":506,\"image\":{\"@id\":\"https:\\\/\\\/elotroenfoque.mx\\\/index.php\\\/2026\\\/09\\\/05\\\/muere-rescatista-durante-incendio-en-fabrica-del-estado-de-mexico-hay-3-heridos\\\/#primaryimage\"},\"thumbnailUrl\":\"https:\\\/\\\/elotroenfoque.mx\\\/wp-content\\\/uploads\\\/2026\\\/09\\\/muere-quemado-elemento-de-PC.jpg\",\"keywords\":[\"Guanajuato\",\"Noticias Guanajuato\"],\"articleSection\":[\"Otras Noticias\"],\"inLanguage\":\"es\"},{\"@type\":\"WebPage\",\"@id\":\"https:\\\/\\\/elotroenfoque.mx\\\/index.php\\\/2026\\\/09\\\/05\\\/muere-rescatista-durante-incendio-en-fabrica-del-estado-de-mexico-hay-3-heridos\\\/\",\"url\":\"https:\\\/\\\/elotroenfoque.mx\\\/index.php\\\/2026\\\/09\\\/05\\\/muere-rescatista-durante-incendio-en-fabrica-del-estado-de-mexico-hay-3-heridos\\\/\",\"name\":\"Muere rescatista durante incendio en f\u00e1brica del Estado de M\u00e9xico; hay 3 heridos - El otro enfoque\",\"isPartOf\":{\"@id\":\"https:\\\/\\\/elotroenfoque.mx\\\/#website\"},\"primaryImageOfPage\":{\"@id\":\"https:\\\/\\\/elotroenfoque.mx\\\/index.php\\\/2026\\\/09\\\/05\\\/muere-rescatista-durante-incendio-en-fabrica-del-estado-de-mexico-hay-3-heridos\\\/#primaryimage\"},\"image\":{\"@id\":\"https:\\\/\\\/elotroenfoque.mx\\\/index.php\\\/2026\\\/09\\\/05\\\/muere-rescatista-durante-incendio-en-fabrica-del-estado-de-mexico-hay-3-heridos\\\/#primaryimage\"},\"thumbnailUrl\":\"https:\\\/\\\/elotroenfoque.mx\\\/wp-content\\\/uploads\\\/2026\\\/09\\\/muere-quemado-elemento-de-PC.jpg\",\"datePublished\":\"2026-09-06T03:40:50+00:00\",\"dateModified\":\"2026-09-06T03:40:51+00:00\",\"author\":{\"@id\":\"https:\\\/\\\/elotroenfoque.mx\\\/#\\\/schema\\\/person\\\/8eb322f84d0bd9f337e462905519a1ae\"},\"description\":\"Un elemento de Protecci\u00f3n Civil muri\u00f3 tras el incendio en una f\u00e1brica de Tlalnepantla, donde adem\u00e1s tres personas resultaron heridas.\",\"breadcrumb\":{\"@id\":\"https:\\\/\\\/elotroenfoque.mx\\\/index.php\\\/2026\\\/09\\\/05\\\/muere-rescatista-durante-incendio-en-fabrica-del-estado-de-mexico-hay-3-heridos\\\/#breadcrumb\"},\"inLanguage\":\"es\",\"potentialAction\":[{\"@type\":\"ReadAction\",\"target\":[\"https:\\\/\\\/elotroenfoque.mx\\\/index.php\\\/2026\\\/09\\\/05\\\/muere-rescatista-durante-incendio-en-fabrica-del-estado-de-mexico-hay-3-heridos\\\/\"]}]},{\"@type\":\"ImageObject\",\"inLanguage\":\"es\",\"@id\":\"https:\\\/\\\/elotroenfoque.mx\\\/index.php\\\/2026\\\/09\\\/05\\\/muere-rescatista-durante-incendio-en-fabrica-del-estado-de-mexico-hay-3-heridos\\\/#primaryimage\",\"url\":\"https:\\\/\\\/elotroenfoque.mx\\\/wp-content\\\/uploads\\\/2026\\\/09\\\/muere-quemado-elemento-de-PC.jpg\",\"contentUrl\":\"https:\\\/\\\/elotroenfoque.mx\\\/wp-content\\\/uploads\\\/2026\\\/09\\\/muere-quemado-elemento-de-PC.jpg\",\"width\":724,\"height\":481},{\"@type\":\"BreadcrumbList\",\"@id\":\"https:\\\/\\\/elotroenfoque.mx\\\/index.php\\\/2026\\\/09\\\/05\\\/muere-rescatista-durante-incendio-en-fabrica-del-estado-de-mexico-hay-3-heridos\\\/#breadcrumb\",\"itemListElement\":[{\"@type\":\"ListItem\",\"position\":1,\"name\":\"Portada\",\"item\":\"https:\\\/\\\/elotroenfoque.mx\\\/\"},{\"@type\":\"ListItem\",\"position\":2,\"name\":\"Muere rescatista durante incendio en f\u00e1brica del Estado de M\u00e9xico; hay 3 heridos\"}]},{\"@type\":\"WebSite\",\"@id\":\"https:\\\/\\\/elotroenfoque.mx\\\/#website\",\"url\":\"https:\\\/\\\/elotroenfoque.mx\\\/\",\"name\":\"El otro enfoque\",\"description\":\"\",\"potentialAction\":[{\"@type\":\"SearchAction\",\"target\":{\"@type\":\"EntryPoint\",\"urlTemplate\":\"https:\\\/\\\/elotroenfoque.mx\\\/?s={search_term_string}\"},\"query-input\":{\"@type\":\"PropertyValueSpecification\",\"valueRequired\":true,\"valueName\":\"search_term_string\"}}],\"inLanguage\":\"es\"},{\"@type\":\"Person\",\"@id\":\"https:\\\/\\\/elotroenfoque.mx\\\/#\\\/schema\\\/person\\\/8eb322f84d0bd9f337e462905519a1ae\",\"name\":\"Equipo Redaccion\",\"image\":{\"@type\":\"ImageObject\",\"inLanguage\":\"es\",\"@id\":\"https:\\\/\\\/secure.gravatar.com\\\/avatar\\\/3579478e2b4e7aad364a32b26cf744b360ae0e581ee1cd0cb18a8f239ee49ac4?s=96&d=mm&r=g\",\"url\":\"https:\\\/\\\/secure.gravatar.com\\\/avatar\\\/3579478e2b4e7aad364a32b26cf744b360ae0e581ee1cd0cb18a8f239ee49ac4?s=96&d=mm&r=g\",\"contentUrl\":\"https:\\\/\\\/secure.gravatar.com\\\/avatar\\\/3579478e2b4e7aad364a32b26cf744b360ae0e581ee1cd0cb18a8f239ee49ac4?s=96&d=mm&r=g\",\"caption\":\"Equipo Redaccion\"},\"url\":\"https:\\\/\\\/elotroenfoque.mx\\\/index.php\\\/author\\\/redaccion\\\/\"}]}<\/script>\n<!-- \/ Yoast SEO plugin. -->","yoast_head_json":{"title":"Muere rescatista durante incendio en f\u00e1brica del Estado de M\u00e9xico; hay 3 heridos - El otro enfoque","description":"Un elemento de Protecci\u00f3n Civil muri\u00f3 tras el incendio en una f\u00e1brica de Tlalnepantla, donde adem\u00e1s tres personas resultaron heridas.","robots":{"index":"index","follow":"follow","max-snippet":"max-snippet:-1","max-image-preview":"max-image-preview:large","max-video-preview":"max-video-preview:-1"},"canonical":"https:\/\/elotroenfoque.mx\/index.php\/2026\/09\/05\/muere-rescatista-durante-incendio-en-fabrica-del-estado-de-mexico-hay-3-heridos\/","og_locale":"es_MX","og_type":"article","og_title":"Muere rescatista durante incendio en f\u00e1brica del Estado de M\u00e9xico; hay 3 heridos - El otro enfoque","og_description":"Un elemento de Protecci\u00f3n Civil muri\u00f3 tras el incendio en una f\u00e1brica de Tlalnepantla, donde adem\u00e1s tres personas resultaron heridas.","og_url":"https:\/\/elotroenfoque.mx\/index.php\/2026\/09\/05\/muere-rescatista-durante-incendio-en-fabrica-del-estado-de-mexico-hay-3-heridos\/","og_site_name":"El otro enfoque","article_published_time":"2026-09-06T03:40:50+00:00","article_modified_time":"2026-09-06T03:40:51+00:00","og_image":[{"width":724,"height":481,"url":"https:\/\/elotroenfoque.mx\/wp-content\/uploads\/2026\/09\/muere-quemado-elemento-de-PC.jpg","type":"image\/jpeg"}],"author":"Equipo Redaccion","twitter_card":"summary_large_image","twitter_misc":{"Escrito por":"Equipo Redaccion","Tiempo de lectura":"3 minutos"},"schema":{"@context":"https:\/\/schema.org","@graph":[{"@type":"Article","@id":"https:\/\/elotroenfoque.mx\/index.php\/2026\/09\/05\/muere-rescatista-durante-incendio-en-fabrica-del-estado-de-mexico-hay-3-heridos\/#article","isPartOf":{"@id":"https:\/\/elotroenfoque.mx\/index.php\/2026\/09\/05\/muere-rescatista-durante-incendio-en-fabrica-del-estado-de-mexico-hay-3-heridos\/"},"author":{"name":"Equipo Redaccion","@id":"https:\/\/elotroenfoque.mx\/#\/schema\/person\/8eb322f84d0bd9f337e462905519a1ae"},"headline":"Muere rescatista durante incendio en f\u00e1brica del Estado de M\u00e9xico; hay 3 heridos","datePublished":"2026-09-06T03:40:50+00:00","dateModified":"2026-09-06T03:40:51+00:00","mainEntityOfPage":{"@id":"https:\/\/elotroenfoque.mx\/index.php\/2026\/09\/05\/muere-rescatista-durante-incendio-en-fabrica-del-estado-de-mexico-hay-3-heridos\/"},"wordCount":506,"image":{"@id":"https:\/\/elotroenfoque.mx\/index.php\/2026\/09\/05\/muere-rescatista-durante-incendio-en-fabrica-del-estado-de-mexico-hay-3-heridos\/#primaryimage"},"thumbnailUrl":"https:\/\/elotroenfoque.mx\/wp-content\/uploads\/2026\/09\/muere-quemado-elemento-de-PC.jpg","keywords":["Guanajuato","Noticias Guanajuato"],"articleSection":["Otras Noticias"],"inLanguage":"es"},{"@type":"WebPage","@id":"https:\/\/elotroenfoque.mx\/index.php\/2026\/09\/05\/muere-rescatista-durante-incendio-en-fabrica-del-estado-de-mexico-hay-3-heridos\/","url":"https:\/\/elotroenfoque.mx\/index.php\/2026\/09\/05\/muere-rescatista-durante-incendio-en-fabrica-del-estado-de-mexico-hay-3-heridos\/","name":"Muere rescatista durante incendio en f\u00e1brica del Estado de M\u00e9xico; hay 3 heridos - El otro enfoque","isPartOf":{"@id":"https:\/\/elotroenfoque.mx\/#website"},"primaryImageOfPage":{"@id":"https:\/\/elotroenfoque.mx\/index.php\/2026\/09\/05\/muere-rescatista-durante-incendio-en-fabrica-del-estado-de-mexico-hay-3-heridos\/#primaryimage"},"image":{"@id":"https:\/\/elotroenfoque.mx\/index.php\/2026\/09\/05\/muere-rescatista-durante-incendio-en-fabrica-del-estado-de-mexico-hay-3-heridos\/#primaryimage"},"thumbnailUrl":"https:\/\/elotroenfoque.mx\/wp-content\/uploads\/2026\/09\/muere-quemado-elemento-de-PC.jpg","datePublished":"2026-09-06T03:40:50+00:00","dateModified":"2026-09-06T03:40:51+00:00","author":{"@id":"https:\/\/elotroenfoque.mx\/#\/schema\/person\/8eb322f84d0bd9f337e462905519a1ae"},"description":"Un elemento de Protecci\u00f3n Civil muri\u00f3 tras el incendio en una f\u00e1brica de Tlalnepantla, donde adem\u00e1s tres personas resultaron heridas.","breadcrumb":{"@id":"https:\/\/elotroenfoque.mx\/index.php\/2026\/09\/05\/muere-rescatista-durante-incendio-en-fabrica-del-estado-de-mexico-hay-3-heridos\/#breadcrumb"},"inLanguage":"es","potentialAction":[{"@type":"ReadAction","target":["https:\/\/elotroenfoque.mx\/index.php\/2026\/09\/05\/muere-rescatista-durante-incendio-en-fabrica-del-estado-de-mexico-hay-3-heridos\/"]}]},{"@type":"ImageObject","inLanguage":"es","@id":"https:\/\/elotroenfoque.mx\/index.php\/2026\/09\/05\/muere-rescatista-durante-incendio-en-fabrica-del-estado-de-mexico-hay-3-heridos\/#primaryimage","url":"https:\/\/elotroenfoque.mx\/wp-content\/uploads\/2026\/09\/muere-quemado-elemento-de-PC.jpg","contentUrl":"https:\/\/elotroenfoque.mx\/wp-content\/uploads\/2026\/09\/muere-quemado-elemento-de-PC.jpg","width":724,"height":481},{"@type":"BreadcrumbList","@id":"https:\/\/elotroenfoque.mx\/index.php\/2026\/09\/05\/muere-rescatista-durante-incendio-en-fabrica-del-estado-de-mexico-hay-3-heridos\/#breadcrumb","itemListElement":[{"@type":"ListItem","position":1,"name":"Portada","item":"https:\/\/elotroenfoque.mx\/"},{"@type":"ListItem","position":2,"name":"Muere rescatista durante incendio en f\u00e1brica del Estado de M\u00e9xico; hay 3 heridos"}]},{"@type":"WebSite","@id":"https:\/\/elotroenfoque.mx\/#website","url":"https:\/\/elotroenfoque.mx\/","name":"El otro enfoque","description":"","potentialAction":[{"@type":"SearchAction","target":{"@type":"EntryPoint","urlTemplate":"https:\/\/elotroenfoque.mx\/?s={search_term_string}"},"query-input":{"@type":"PropertyValueSpecification","valueRequired":true,"valueName":"search_term_string"}}],"inLanguage":"es"},{"@type":"Person","@id":"https:\/\/elotroenfoque.mx\/#\/schema\/person\/8eb322f84d0bd9f337e462905519a1ae","name":"Equipo Redaccion","image":{"@type":"ImageObject","inLanguage":"es","@id":"https:\/\/secure.gravatar.com\/avatar\/3579478e2b4e7aad364a32b26cf744b360ae0e581ee1cd0cb18a8f239ee49ac4?s=96&d=mm&r=g","url":"https:\/\/secure.gravatar.com\/avatar\/3579478e2b4e7aad364a32b26cf744b360ae0e581ee1cd0cb18a8f239ee49ac4?s=96&d=mm&r=g","contentUrl":"https:\/\/secure.gravatar.com\/avatar\/3579478e2b4e7aad364a32b26cf744b360ae0e581ee1cd0cb18a8f239ee49ac4?s=96&d=mm&r=g","caption":"Equipo Redaccion"},"url":"https:\/\/elotroenfoque.mx\/index.php\/author\/redaccion\/"}]}},"_links":{"self":[{"href":"https:\/\/elotroenfoque.mx\/index.php\/wp-json\/wp\/v2\/posts\/195753","targetHints":{"allow":["GET"]}}],"collection":[{"href":"https:\/\/elotroenfoque.mx\/index.php\/wp-json\/wp\/v2\/posts"}],"about":[{"href":"https:\/\/elotroenfoque.mx\/index.php\/wp-json\/wp\/v2\/types\/post"}],"author":[{"embeddable":true,"href":"https:\/\/elotroenfoque.mx\/index.php\/wp-json\/wp\/v2\/users\/4"}],"replies":[{"embeddable":true,"href":"https:\/\/elotroenfoque.mx\/index.php\/wp-json\/wp\/v2\/comments?post=195753"}],"version-history":[{"count":1,"href":"https:\/\/elotroenfoque.mx\/index.php\/wp-json\/wp\/v2\/posts\/195753\/revisions"}],"predecessor-version":[{"id":195755,"href":"https:\/\/elotroenfoque.mx\/index.php\/wp-json\/wp\/v2\/posts\/195753\/revisions\/195755"}],"wp:featuredmedia":[{"embeddable":true,"href":"https:\/\/elotroenfoque.mx\/index.php\/wp-json\/wp\/v2\/media\/195754"}],"wp:attachment":[{"href":"https:\/\/elotroenfoque.mx\/index.php\/wp-json\/wp\/v2\/media?parent=195753"}],"wp:term":[{"taxonomy":"category","embeddable":true,"href":"https:\/\/elotroenfoque.mx\/index.php\/wp-json\/wp\/v2\/categories?post=195753"},{"taxonomy":"post_tag","embeddable":true,"href":"https:\/\/elotroenfoque.mx\/index.php\/wp-json\/wp\/v2\/tags?post=195753"}],"curies":[{"name":"wp","href":"https:\/\/api.w.org\/{rel}","templated":true}]}}