{"id":195759,"date":"2026-09-06T09:56:30","date_gmt":"2026-09-06T15:56:30","guid":{"rendered":"https:\/\/elotroenfoque.mx\/?p=195759"},"modified":"2026-09-06T10:10:15","modified_gmt":"2026-09-06T16:10:15","slug":"detiene-fiscalia-a-maestro-de-acambaro-que-tocaba-a-alumnos","status":"publish","type":"post","link":"https:\/\/elotroenfoque.mx\/index.php\/2026\/09\/06\/detiene-fiscalia-a-maestro-de-acambaro-que-tocaba-a-alumnos\/","title":{"rendered":"Detiene fiscal\u00eda a maestro de Ac\u00e1mbaro que \u201ctocaba\u201d a alumnos"},"content":{"rendered":"\n<p class=\"wp-block-paragraph\">El docente Jos\u00e9&nbsp; Luis de 36 a\u00f1os que fue grabado en conductas inapropiadas con estudiantes de Ac\u00e1mbaro en un sal\u00f3n de clases, fue detenido en Morelia, Michoac\u00e1n, tras una investigaci\u00f3n de la Fiscal\u00eda General del Estado de Guanajuato por su probable responsabilidad en el delito de abusos sexuales en agravio de un adolescente.<\/p>\n\n\n\n<p class=\"wp-block-paragraph\">La Fiscal\u00eda de Guanajuato confirm\u00f3 a trav\u00e9s de un comunicado que el imputado fue localizado y detenido en Morelia; un juez lo vincul\u00f3 a proceso y orden\u00f3 prisi\u00f3n preventiva. Se quedar\u00e1 en prisi\u00f3n mientras contin\u00faa la investigaci\u00f3n.<\/p>\n\n\n\n<figure class=\"wp-block-image size-large\"><img loading=\"lazy\" decoding=\"async\" width=\"1024\" height=\"720\" src=\"https:\/\/elotroenfoque.mx\/wp-content\/uploads\/2026\/09\/docente-1-1024x720.jpg\" alt=\"\" class=\"wp-image-195764\" srcset=\"https:\/\/elotroenfoque.mx\/wp-content\/uploads\/2026\/09\/docente-1-1024x720.jpg 1024w, https:\/\/elotroenfoque.mx\/wp-content\/uploads\/2026\/09\/docente-1-300x211.jpg 300w, https:\/\/elotroenfoque.mx\/wp-content\/uploads\/2026\/09\/docente-1-768x540.jpg 768w, https:\/\/elotroenfoque.mx\/wp-content\/uploads\/2026\/09\/docente-1.jpg 1280w\" sizes=\"auto, (max-width: 1024px) 100vw, 1024px\" \/><\/figure>\n\n\n\n<p class=\"wp-block-paragraph\">De acuerdo con informaci\u00f3n oficial de la Fiscal\u00eda, agentes de Investigaci\u00f3n Criminal cumplimentaron una orden de aprehensi\u00f3n en coordinaci\u00f3n con autoridades de Michoac\u00e1n. La detenci\u00f3n se realiz\u00f3 en la colonia Torre\u00f3n Nuevo, en la ciudad de Morelia.<\/p>\n\n\n\n<p class=\"wp-block-paragraph\">Los hechos habr\u00edan ocurrido en una secundaria de Ac\u00e1mbaro<\/p>\n\n\n\n<p class=\"wp-block-paragraph\">Seg\u00fan las investigaciones ministeriales, los hechos denunciados ocurrieron en las instalaciones de una escuela secundaria del municipio de Ac\u00e1mbaro, donde el ahora imputado se desempe\u00f1aba como docente.<\/p>\n\n\n\n<p class=\"wp-block-paragraph\">La Fiscal\u00eda se\u00f1al\u00f3 que, presuntamente, el acusado habr\u00eda aprovechado su posici\u00f3n de autoridad dentro del aula para realizar actos de \u00edndole sexual contra un adolescente.<\/p>\n\n\n\n<p class=\"wp-block-paragraph\">Como parte de la investigaci\u00f3n fueron incorporados diversos elementos de prueba, entre ellos material videogr\u00e1fico que, de acuerdo con la autoridad ministerial, habr\u00eda sido registrado por compa\u00f1eros de clase y que forma parte de la carpeta de investigaci\u00f3n.<\/p>\n\n\n\n<p class=\"wp-block-paragraph\">Denuncia permiti\u00f3 avanzar en la investigaci\u00f3n<\/p>\n\n\n\n<p class=\"wp-block-paragraph\">La investigaci\u00f3n se inici\u00f3 a partir de la denuncia presentada por la madre del adolescente, quien tambi\u00e9n es su representante legal.<\/p>\n\n\n\n<p class=\"wp-block-paragraph\">La Fiscal\u00eda Especializada en Investigaci\u00f3n de Delitos contra Adolescentes y Mujeres en raz\u00f3n de su Sexo (FEIDEM) reuni\u00f3 los datos de prueba que fueron presentados ante un juez de Control.<\/p>\n\n\n\n<p class=\"wp-block-paragraph\">Tras analizar los elementos aportados, la autoridad judicial determin\u00f3 vincular a proceso a Jos\u00e9 Luis \u201cN\u201d por el delito de abusos sexuales.<\/p>\n\n\n\n<p class=\"wp-block-paragraph\">Adem\u00e1s, se estableci\u00f3 como medida cautelar la prisi\u00f3n preventiva, mientras contin\u00faa el proceso judicial y se desarrolla la investigaci\u00f3n complementaria dentro del plazo fijado por el juez.<\/p>\n\n\n\n<p class=\"wp-block-paragraph\">El caso contin\u00faa bajo investigaci\u00f3n<\/p>\n\n\n\n<p class=\"wp-block-paragraph\">La Fiscal\u00eda General del Estado de Guanajuato se\u00f1al\u00f3 que mantendr\u00e1 las investigaciones correspondientes y reiter\u00f3 su compromiso de proteger la integridad de ni\u00f1as, ni\u00f1os y adolescentes, as\u00ed como de actuar contra quienes sean se\u00f1alados por vulnerar sus derechos.<\/p>\n\n\n\n<p class=\"wp-block-paragraph\">Tambi\u00e9n lee:&nbsp;<strong><a href=\"https:\/\/elotroenfoque.mx\/index.php\/2026\/09\/04\/superan-adicciones-140-reos-de-guanajuato-concluyen-programa-tras-las-rejas\/\">Superan adicciones 140 reos de Guanajuato, concluyen programa tras las rejas<\/a><\/strong><\/p>\n\n\n\n<p class=\"wp-block-paragraph\">Es importante precisar que Jos\u00e9 Luis \u201cN\u201d mantiene la calidad jur\u00eddica de imputado, por lo que ser\u00e1 responsabilidad de las autoridades judiciales determinar su situaci\u00f3n conforme avance el proceso y se desahoguen las pruebas correspondientes.<\/p>\n\n\n\n<p class=\"wp-block-paragraph\"><strong><a href=\"https:\/\/www.tiktok.com\/@elotroenfoque?_r=1&amp;_t=ZS-97ffhW6kR1t\">Sigue tambi\u00e9n las noticias en TikTok<\/a><\/strong><\/p>\n","protected":false},"excerpt":{"rendered":"<p>El docente Jos\u00e9&nbsp; Luis de 36 a\u00f1os que fue grabado en conductas inapropiadas con estudiantes de Ac\u00e1mbaro en un sal\u00f3n de clases, fue detenido en Morelia, Michoac\u00e1n, tras una investigaci\u00f3n de la Fiscal\u00eda General del Estado de Guanajuato por su probable responsabilidad en el delito de abusos sexuales en agravio de un adolescente. La Fiscal\u00eda&#8230;<\/p>\n","protected":false},"author":4,"featured_media":193993,"comment_status":"closed","ping_status":"open","sticky":false,"template":"","format":"standard","meta":{"footnotes":""},"categories":[8646],"tags":[13,4517],"class_list":["post-195759","post","type-post","status-publish","format-standard","has-post-thumbnail","hentry","category-principales","tag-guanajuato","tag-noticias-guanajuato"],"yoast_head":"<!-- This site is optimized with the Yoast SEO plugin v28.2 - https:\/\/yoast.com\/product\/yoast-seo-wordpress\/ -->\n<title>Detiene fiscal\u00eda a maestro de Ac\u00e1mbaro que \u201ctocaba\u201d a alumnos - El otro enfoque<\/title>\n<meta name=\"description\" content=\"La Fiscal\u00eda de Guanajuato inform\u00f3 la captura en Morelia de un docente acusado de abusos sexuales contra un adolescente en Ac\u00e1mbaro.\" \/>\n<meta name=\"robots\" content=\"index, follow, max-snippet:-1, max-image-preview:large, max-video-preview:-1\" \/>\n<link rel=\"canonical\" href=\"https:\/\/elotroenfoque.mx\/index.php\/2026\/09\/06\/detiene-fiscalia-a-maestro-de-acambaro-que-tocaba-a-alumnos\/\" \/>\n<meta property=\"og:locale\" content=\"es_MX\" \/>\n<meta property=\"og:type\" content=\"article\" \/>\n<meta property=\"og:title\" content=\"Detiene fiscal\u00eda a maestro de Ac\u00e1mbaro que \u201ctocaba\u201d a alumnos - El otro enfoque\" \/>\n<meta property=\"og:description\" content=\"La Fiscal\u00eda de Guanajuato inform\u00f3 la captura en Morelia de un docente acusado de abusos sexuales contra un adolescente en Ac\u00e1mbaro.\" \/>\n<meta property=\"og:url\" content=\"https:\/\/elotroenfoque.mx\/index.php\/2026\/09\/06\/detiene-fiscalia-a-maestro-de-acambaro-que-tocaba-a-alumnos\/\" \/>\n<meta property=\"og:site_name\" content=\"El otro enfoque\" \/>\n<meta property=\"article:published_time\" content=\"2026-09-06T15:56:30+00:00\" \/>\n<meta property=\"article:modified_time\" content=\"2026-09-06T16:10:15+00:00\" \/>\n<meta property=\"og:image\" content=\"https:\/\/elotroenfoque.mx\/wp-content\/uploads\/2026\/08\/profe-9.jpg\" \/>\n\t<meta property=\"og:image:width\" content=\"1284\" \/>\n\t<meta property=\"og:image:height\" content=\"569\" \/>\n\t<meta property=\"og:image:type\" content=\"image\/jpeg\" \/>\n<meta name=\"author\" content=\"Equipo Redaccion\" \/>\n<meta name=\"twitter:card\" content=\"summary_large_image\" \/>\n<meta name=\"twitter:label1\" content=\"Escrito por\" \/>\n\t<meta name=\"twitter:data1\" content=\"Equipo Redaccion\" \/>\n\t<meta name=\"twitter:label2\" content=\"Tiempo de lectura\" \/>\n\t<meta name=\"twitter:data2\" content=\"3 minutos\" \/>\n<script type=\"application\/ld+json\" class=\"yoast-schema-graph\">{\"@context\":\"https:\\\/\\\/schema.org\",\"@graph\":[{\"@type\":\"Article\",\"@id\":\"https:\\\/\\\/elotroenfoque.mx\\\/index.php\\\/2026\\\/09\\\/06\\\/detiene-fiscalia-a-maestro-de-acambaro-que-tocaba-a-alumnos\\\/#article\",\"isPartOf\":{\"@id\":\"https:\\\/\\\/elotroenfoque.mx\\\/index.php\\\/2026\\\/09\\\/06\\\/detiene-fiscalia-a-maestro-de-acambaro-que-tocaba-a-alumnos\\\/\"},\"author\":{\"name\":\"Equipo Redaccion\",\"@id\":\"https:\\\/\\\/elotroenfoque.mx\\\/#\\\/schema\\\/person\\\/8eb322f84d0bd9f337e462905519a1ae\"},\"headline\":\"Detiene fiscal\u00eda a maestro de Ac\u00e1mbaro que \u201ctocaba\u201d a alumnos\",\"datePublished\":\"2026-09-06T15:56:30+00:00\",\"dateModified\":\"2026-09-06T16:10:15+00:00\",\"mainEntityOfPage\":{\"@id\":\"https:\\\/\\\/elotroenfoque.mx\\\/index.php\\\/2026\\\/09\\\/06\\\/detiene-fiscalia-a-maestro-de-acambaro-que-tocaba-a-alumnos\\\/\"},\"wordCount\":496,\"image\":{\"@id\":\"https:\\\/\\\/elotroenfoque.mx\\\/index.php\\\/2026\\\/09\\\/06\\\/detiene-fiscalia-a-maestro-de-acambaro-que-tocaba-a-alumnos\\\/#primaryimage\"},\"thumbnailUrl\":\"https:\\\/\\\/elotroenfoque.mx\\\/wp-content\\\/uploads\\\/2026\\\/08\\\/profe-9.jpg\",\"keywords\":[\"Guanajuato\",\"Noticias Guanajuato\"],\"articleSection\":[\"Principales\"],\"inLanguage\":\"es\"},{\"@type\":\"WebPage\",\"@id\":\"https:\\\/\\\/elotroenfoque.mx\\\/index.php\\\/2026\\\/09\\\/06\\\/detiene-fiscalia-a-maestro-de-acambaro-que-tocaba-a-alumnos\\\/\",\"url\":\"https:\\\/\\\/elotroenfoque.mx\\\/index.php\\\/2026\\\/09\\\/06\\\/detiene-fiscalia-a-maestro-de-acambaro-que-tocaba-a-alumnos\\\/\",\"name\":\"Detiene fiscal\u00eda a maestro de Ac\u00e1mbaro que \u201ctocaba\u201d a alumnos - El otro enfoque\",\"isPartOf\":{\"@id\":\"https:\\\/\\\/elotroenfoque.mx\\\/#website\"},\"primaryImageOfPage\":{\"@id\":\"https:\\\/\\\/elotroenfoque.mx\\\/index.php\\\/2026\\\/09\\\/06\\\/detiene-fiscalia-a-maestro-de-acambaro-que-tocaba-a-alumnos\\\/#primaryimage\"},\"image\":{\"@id\":\"https:\\\/\\\/elotroenfoque.mx\\\/index.php\\\/2026\\\/09\\\/06\\\/detiene-fiscalia-a-maestro-de-acambaro-que-tocaba-a-alumnos\\\/#primaryimage\"},\"thumbnailUrl\":\"https:\\\/\\\/elotroenfoque.mx\\\/wp-content\\\/uploads\\\/2026\\\/08\\\/profe-9.jpg\",\"datePublished\":\"2026-09-06T15:56:30+00:00\",\"dateModified\":\"2026-09-06T16:10:15+00:00\",\"author\":{\"@id\":\"https:\\\/\\\/elotroenfoque.mx\\\/#\\\/schema\\\/person\\\/8eb322f84d0bd9f337e462905519a1ae\"},\"description\":\"La Fiscal\u00eda de Guanajuato inform\u00f3 la captura en Morelia de un docente acusado de abusos sexuales contra un adolescente en Ac\u00e1mbaro.\",\"breadcrumb\":{\"@id\":\"https:\\\/\\\/elotroenfoque.mx\\\/index.php\\\/2026\\\/09\\\/06\\\/detiene-fiscalia-a-maestro-de-acambaro-que-tocaba-a-alumnos\\\/#breadcrumb\"},\"inLanguage\":\"es\",\"potentialAction\":[{\"@type\":\"ReadAction\",\"target\":[\"https:\\\/\\\/elotroenfoque.mx\\\/index.php\\\/2026\\\/09\\\/06\\\/detiene-fiscalia-a-maestro-de-acambaro-que-tocaba-a-alumnos\\\/\"]}]},{\"@type\":\"ImageObject\",\"inLanguage\":\"es\",\"@id\":\"https:\\\/\\\/elotroenfoque.mx\\\/index.php\\\/2026\\\/09\\\/06\\\/detiene-fiscalia-a-maestro-de-acambaro-que-tocaba-a-alumnos\\\/#primaryimage\",\"url\":\"https:\\\/\\\/elotroenfoque.mx\\\/wp-content\\\/uploads\\\/2026\\\/08\\\/profe-9.jpg\",\"contentUrl\":\"https:\\\/\\\/elotroenfoque.mx\\\/wp-content\\\/uploads\\\/2026\\\/08\\\/profe-9.jpg\",\"width\":1284,\"height\":569,\"caption\":\"Profesor se\u00f1alado por conductas inapropiadas\"},{\"@type\":\"BreadcrumbList\",\"@id\":\"https:\\\/\\\/elotroenfoque.mx\\\/index.php\\\/2026\\\/09\\\/06\\\/detiene-fiscalia-a-maestro-de-acambaro-que-tocaba-a-alumnos\\\/#breadcrumb\",\"itemListElement\":[{\"@type\":\"ListItem\",\"position\":1,\"name\":\"Portada\",\"item\":\"https:\\\/\\\/elotroenfoque.mx\\\/\"},{\"@type\":\"ListItem\",\"position\":2,\"name\":\"Detiene fiscal\u00eda a maestro de Ac\u00e1mbaro que \u201ctocaba\u201d a alumnos\"}]},{\"@type\":\"WebSite\",\"@id\":\"https:\\\/\\\/elotroenfoque.mx\\\/#website\",\"url\":\"https:\\\/\\\/elotroenfoque.mx\\\/\",\"name\":\"El otro enfoque\",\"description\":\"\",\"potentialAction\":[{\"@type\":\"SearchAction\",\"target\":{\"@type\":\"EntryPoint\",\"urlTemplate\":\"https:\\\/\\\/elotroenfoque.mx\\\/?s={search_term_string}\"},\"query-input\":{\"@type\":\"PropertyValueSpecification\",\"valueRequired\":true,\"valueName\":\"search_term_string\"}}],\"inLanguage\":\"es\"},{\"@type\":\"Person\",\"@id\":\"https:\\\/\\\/elotroenfoque.mx\\\/#\\\/schema\\\/person\\\/8eb322f84d0bd9f337e462905519a1ae\",\"name\":\"Equipo Redaccion\",\"image\":{\"@type\":\"ImageObject\",\"inLanguage\":\"es\",\"@id\":\"https:\\\/\\\/secure.gravatar.com\\\/avatar\\\/3579478e2b4e7aad364a32b26cf744b360ae0e581ee1cd0cb18a8f239ee49ac4?s=96&d=mm&r=g\",\"url\":\"https:\\\/\\\/secure.gravatar.com\\\/avatar\\\/3579478e2b4e7aad364a32b26cf744b360ae0e581ee1cd0cb18a8f239ee49ac4?s=96&d=mm&r=g\",\"contentUrl\":\"https:\\\/\\\/secure.gravatar.com\\\/avatar\\\/3579478e2b4e7aad364a32b26cf744b360ae0e581ee1cd0cb18a8f239ee49ac4?s=96&d=mm&r=g\",\"caption\":\"Equipo Redaccion\"},\"url\":\"https:\\\/\\\/elotroenfoque.mx\\\/index.php\\\/author\\\/redaccion\\\/\"}]}<\/script>\n<!-- \/ Yoast SEO plugin. -->","yoast_head_json":{"title":"Detiene fiscal\u00eda a maestro de Ac\u00e1mbaro que \u201ctocaba\u201d a alumnos - El otro enfoque","description":"La Fiscal\u00eda de Guanajuato inform\u00f3 la captura en Morelia de un docente acusado de abusos sexuales contra un adolescente en Ac\u00e1mbaro.","robots":{"index":"index","follow":"follow","max-snippet":"max-snippet:-1","max-image-preview":"max-image-preview:large","max-video-preview":"max-video-preview:-1"},"canonical":"https:\/\/elotroenfoque.mx\/index.php\/2026\/09\/06\/detiene-fiscalia-a-maestro-de-acambaro-que-tocaba-a-alumnos\/","og_locale":"es_MX","og_type":"article","og_title":"Detiene fiscal\u00eda a maestro de Ac\u00e1mbaro que \u201ctocaba\u201d a alumnos - El otro enfoque","og_description":"La Fiscal\u00eda de Guanajuato inform\u00f3 la captura en Morelia de un docente acusado de abusos sexuales contra un adolescente en Ac\u00e1mbaro.","og_url":"https:\/\/elotroenfoque.mx\/index.php\/2026\/09\/06\/detiene-fiscalia-a-maestro-de-acambaro-que-tocaba-a-alumnos\/","og_site_name":"El otro enfoque","article_published_time":"2026-09-06T15:56:30+00:00","article_modified_time":"2026-09-06T16:10:15+00:00","og_image":[{"width":1284,"height":569,"url":"https:\/\/elotroenfoque.mx\/wp-content\/uploads\/2026\/08\/profe-9.jpg","type":"image\/jpeg"}],"author":"Equipo Redaccion","twitter_card":"summary_large_image","twitter_misc":{"Escrito por":"Equipo Redaccion","Tiempo de lectura":"3 minutos"},"schema":{"@context":"https:\/\/schema.org","@graph":[{"@type":"Article","@id":"https:\/\/elotroenfoque.mx\/index.php\/2026\/09\/06\/detiene-fiscalia-a-maestro-de-acambaro-que-tocaba-a-alumnos\/#article","isPartOf":{"@id":"https:\/\/elotroenfoque.mx\/index.php\/2026\/09\/06\/detiene-fiscalia-a-maestro-de-acambaro-que-tocaba-a-alumnos\/"},"author":{"name":"Equipo Redaccion","@id":"https:\/\/elotroenfoque.mx\/#\/schema\/person\/8eb322f84d0bd9f337e462905519a1ae"},"headline":"Detiene fiscal\u00eda a maestro de Ac\u00e1mbaro que \u201ctocaba\u201d a alumnos","datePublished":"2026-09-06T15:56:30+00:00","dateModified":"2026-09-06T16:10:15+00:00","mainEntityOfPage":{"@id":"https:\/\/elotroenfoque.mx\/index.php\/2026\/09\/06\/detiene-fiscalia-a-maestro-de-acambaro-que-tocaba-a-alumnos\/"},"wordCount":496,"image":{"@id":"https:\/\/elotroenfoque.mx\/index.php\/2026\/09\/06\/detiene-fiscalia-a-maestro-de-acambaro-que-tocaba-a-alumnos\/#primaryimage"},"thumbnailUrl":"https:\/\/elotroenfoque.mx\/wp-content\/uploads\/2026\/08\/profe-9.jpg","keywords":["Guanajuato","Noticias Guanajuato"],"articleSection":["Principales"],"inLanguage":"es"},{"@type":"WebPage","@id":"https:\/\/elotroenfoque.mx\/index.php\/2026\/09\/06\/detiene-fiscalia-a-maestro-de-acambaro-que-tocaba-a-alumnos\/","url":"https:\/\/elotroenfoque.mx\/index.php\/2026\/09\/06\/detiene-fiscalia-a-maestro-de-acambaro-que-tocaba-a-alumnos\/","name":"Detiene fiscal\u00eda a maestro de Ac\u00e1mbaro que \u201ctocaba\u201d a alumnos - El otro enfoque","isPartOf":{"@id":"https:\/\/elotroenfoque.mx\/#website"},"primaryImageOfPage":{"@id":"https:\/\/elotroenfoque.mx\/index.php\/2026\/09\/06\/detiene-fiscalia-a-maestro-de-acambaro-que-tocaba-a-alumnos\/#primaryimage"},"image":{"@id":"https:\/\/elotroenfoque.mx\/index.php\/2026\/09\/06\/detiene-fiscalia-a-maestro-de-acambaro-que-tocaba-a-alumnos\/#primaryimage"},"thumbnailUrl":"https:\/\/elotroenfoque.mx\/wp-content\/uploads\/2026\/08\/profe-9.jpg","datePublished":"2026-09-06T15:56:30+00:00","dateModified":"2026-09-06T16:10:15+00:00","author":{"@id":"https:\/\/elotroenfoque.mx\/#\/schema\/person\/8eb322f84d0bd9f337e462905519a1ae"},"description":"La Fiscal\u00eda de Guanajuato inform\u00f3 la captura en Morelia de un docente acusado de abusos sexuales contra un adolescente en Ac\u00e1mbaro.","breadcrumb":{"@id":"https:\/\/elotroenfoque.mx\/index.php\/2026\/09\/06\/detiene-fiscalia-a-maestro-de-acambaro-que-tocaba-a-alumnos\/#breadcrumb"},"inLanguage":"es","potentialAction":[{"@type":"ReadAction","target":["https:\/\/elotroenfoque.mx\/index.php\/2026\/09\/06\/detiene-fiscalia-a-maestro-de-acambaro-que-tocaba-a-alumnos\/"]}]},{"@type":"ImageObject","inLanguage":"es","@id":"https:\/\/elotroenfoque.mx\/index.php\/2026\/09\/06\/detiene-fiscalia-a-maestro-de-acambaro-que-tocaba-a-alumnos\/#primaryimage","url":"https:\/\/elotroenfoque.mx\/wp-content\/uploads\/2026\/08\/profe-9.jpg","contentUrl":"https:\/\/elotroenfoque.mx\/wp-content\/uploads\/2026\/08\/profe-9.jpg","width":1284,"height":569,"caption":"Profesor se\u00f1alado por conductas inapropiadas"},{"@type":"BreadcrumbList","@id":"https:\/\/elotroenfoque.mx\/index.php\/2026\/09\/06\/detiene-fiscalia-a-maestro-de-acambaro-que-tocaba-a-alumnos\/#breadcrumb","itemListElement":[{"@type":"ListItem","position":1,"name":"Portada","item":"https:\/\/elotroenfoque.mx\/"},{"@type":"ListItem","position":2,"name":"Detiene fiscal\u00eda a maestro de Ac\u00e1mbaro que \u201ctocaba\u201d a alumnos"}]},{"@type":"WebSite","@id":"https:\/\/elotroenfoque.mx\/#website","url":"https:\/\/elotroenfoque.mx\/","name":"El otro enfoque","description":"","potentialAction":[{"@type":"SearchAction","target":{"@type":"EntryPoint","urlTemplate":"https:\/\/elotroenfoque.mx\/?s={search_term_string}"},"query-input":{"@type":"PropertyValueSpecification","valueRequired":true,"valueName":"search_term_string"}}],"inLanguage":"es"},{"@type":"Person","@id":"https:\/\/elotroenfoque.mx\/#\/schema\/person\/8eb322f84d0bd9f337e462905519a1ae","name":"Equipo Redaccion","image":{"@type":"ImageObject","inLanguage":"es","@id":"https:\/\/secure.gravatar.com\/avatar\/3579478e2b4e7aad364a32b26cf744b360ae0e581ee1cd0cb18a8f239ee49ac4?s=96&d=mm&r=g","url":"https:\/\/secure.gravatar.com\/avatar\/3579478e2b4e7aad364a32b26cf744b360ae0e581ee1cd0cb18a8f239ee49ac4?s=96&d=mm&r=g","contentUrl":"https:\/\/secure.gravatar.com\/avatar\/3579478e2b4e7aad364a32b26cf744b360ae0e581ee1cd0cb18a8f239ee49ac4?s=96&d=mm&r=g","caption":"Equipo Redaccion"},"url":"https:\/\/elotroenfoque.mx\/index.php\/author\/redaccion\/"}]}},"_links":{"self":[{"href":"https:\/\/elotroenfoque.mx\/index.php\/wp-json\/wp\/v2\/posts\/195759","targetHints":{"allow":["GET"]}}],"collection":[{"href":"https:\/\/elotroenfoque.mx\/index.php\/wp-json\/wp\/v2\/posts"}],"about":[{"href":"https:\/\/elotroenfoque.mx\/index.php\/wp-json\/wp\/v2\/types\/post"}],"author":[{"embeddable":true,"href":"https:\/\/elotroenfoque.mx\/index.php\/wp-json\/wp\/v2\/users\/4"}],"replies":[{"embeddable":true,"href":"https:\/\/elotroenfoque.mx\/index.php\/wp-json\/wp\/v2\/comments?post=195759"}],"version-history":[{"count":3,"href":"https:\/\/elotroenfoque.mx\/index.php\/wp-json\/wp\/v2\/posts\/195759\/revisions"}],"predecessor-version":[{"id":195765,"href":"https:\/\/elotroenfoque.mx\/index.php\/wp-json\/wp\/v2\/posts\/195759\/revisions\/195765"}],"wp:featuredmedia":[{"embeddable":true,"href":"https:\/\/elotroenfoque.mx\/index.php\/wp-json\/wp\/v2\/media\/193993"}],"wp:attachment":[{"href":"https:\/\/elotroenfoque.mx\/index.php\/wp-json\/wp\/v2\/media?parent=195759"}],"wp:term":[{"taxonomy":"category","embeddable":true,"href":"https:\/\/elotroenfoque.mx\/index.php\/wp-json\/wp\/v2\/categories?post=195759"},{"taxonomy":"post_tag","embeddable":true,"href":"https:\/\/elotroenfoque.mx\/index.php\/wp-json\/wp\/v2\/tags?post=195759"}],"curies":[{"name":"wp","href":"https:\/\/api.w.org\/{rel}","templated":true}]}}